{"id":111159,"date":"2023-07-13T09:39:15","date_gmt":"2023-07-13T07:39:15","guid":{"rendered":"https:\/\/staging.wewhale.co\/2023\/07\/13\/der-wewhale-pod-episode-9-finn-van-der-aar\/"},"modified":"2023-07-19T16:24:22","modified_gmt":"2023-07-19T14:24:22","slug":"der-wewhale-pod-episode-9-finn-van-der-aar","status":"publish","type":"post","link":"https:\/\/staging.wewhale.co\/de\/2023\/07\/13\/der-wewhale-pod-episode-9-finn-van-der-aar\/","title":{"rendered":"Der WeWhale Pod Episode 9 &#8211; Finn van der Aar"},"content":{"rendered":"<div class=\"wpb-content-wrapper\"><p>[vc_row][vc_column width=&#8221;1\/1&#8243;][vc_column_text uncode_shortcode_id=&#8221;676110&#8243;]Unser Gast in dieser Folge von The WeWhale Pod ist Finn van der Aar. Sie ist Meereswissenschaftlerin, Nachhaltigkeitsexpertin und Bestsellerautorin.<\/p>\n<p>Finn van der Aar erz\u00e4hlt uns, wie sie in Irland in Meeresn\u00e4he aufgewachsen ist, wie sie das Surfen liebt (einschlie\u00dflich eines epischen Erlebnisses, als ein Gro\u00dfer T\u00fcmmler neben ihr surfte!) und warum sie glaubt, dass wir eine so enge Verbindung zu Walen und Delfinen haben.<\/p>\n<p>Au\u00dferdem spricht sie mit uns \u00fcber die Forschung zur L\u00e4rmbelastung der Meere und dar\u00fcber, was getan werden kann, um den L\u00e4rm f\u00fcr die Gesundheit und das Wohlergehen der Meeress\u00e4uger zu reduzieren.<\/p>\n<p>Finn informiert uns auch \u00fcber ihr kommendes Buch, einen Roman, der von ihren realen Erfahrungen auf See gepr\u00e4gt ist.<\/p>\n<p>H\u00f6r dir die Folge unten an:<\/p>\n<p><script src=\"https:\/\/www.buzzsprout.com\/2070816\/13208643-episode-9-finn-van-der-aar-marine-scientist-and-sustainability-expert.js?container_id=buzzsprout-player-13208643&amp;player=small\" type=\"text\/javascript\" charset=\"utf-8\"><\/script><\/p>\n<p>Weitere Informationen \u00fcber Finns Arbeit finden Sie auf ihrer <a href=\"https:\/\/www.saltwaterstories.me\/\" target=\"_blank\" rel=\"noopener\">Website<\/a> und auf <a href=\"https:\/\/www.instagram.com\/saltwaterstories.me\/\">Instagram<\/a>.<\/p>\n<p>Dank an <a href=\"https:\/\/www.instagram.com\/skalaa_music\/\" target=\"_blank\" rel=\"noopener\">Skalaa Music<\/a> f\u00fcr die Postproduktion.<\/p>\n<p>Sie k\u00f6nnen fr\u00fchere Episoden auf unserer <a href=\"https:\/\/staging.wewhale.co\/de\/podcast\/\">Podcast-Seite anh\u00f6ren<\/a>.[\/vc_column_text][\/vc_column][\/vc_row]<\/p>\n<\/div>","protected":false},"excerpt":{"rendered":"<p>[vc_row][vc_column width=&#8221;1\/1&#8243;][vc_column_text uncode_shortcode_id=&#8221;676110&#8243;]Unser Gast in dieser Folge von The WeWhale Pod ist Finn van der Aar. Sie ist Meereswissenschaftlerin, Nachhaltigkeitsexpertin [&hellip;]<\/p>\n","protected":false},"author":3,"featured_media":111149,"comment_status":"open","ping_status":"open","sticky":false,"template":"","format":"standard","meta":{"footnotes":""},"categories":[449],"tags":[226,266,451,830,984,985,986],"class_list":["post-111159","post","type-post","status-publish","format-standard","has-post-thumbnail","hentry","category-the-wewhale-pod-de","tag-meeresschutz","tag-grindwale","tag-der-wewhale-pod","tag-nachhaltigkeit","tag-finn-van-der-aar-de","tag-grose-tummler","tag-meereswissenschaft"],"yoast_head":"<!-- This site is optimized with the Yoast SEO Premium plugin v23.2 (Yoast SEO v23.2) - https:\/\/yoast.com\/wordpress\/plugins\/seo\/ -->\n<title>Der WeWhale Pod Episode 9 - Finn van der Aar - WeWhale<\/title>\n<meta name=\"description\" content=\"Unser Gast in dieser Folge von The WeWhale Pod ist Finn van der Aar. Sie ist Meereswissenschaftlerin, Nachhaltigkeitsexpertin und Bestsellerautorin.\" \/>\n<meta name=\"robots\" content=\"index, follow, max-snippet:-1, max-image-preview:large, max-video-preview:-1\" \/>\n<link rel=\"canonical\" href=\"https:\/\/staging.wewhale.co\/de\/2023\/07\/13\/der-wewhale-pod-episode-9-finn-van-der-aar\/\" \/>\n<meta property=\"og:locale\" content=\"de_DE\" \/>\n<meta property=\"og:type\" content=\"article\" \/>\n<meta property=\"og:title\" content=\"Der WeWhale Pod Episode 9 - Finn van der Aar\" \/>\n<meta property=\"og:description\" content=\"Unser Gast in dieser Folge von The WeWhale Pod ist Finn van der Aar. Sie ist Meereswissenschaftlerin, Nachhaltigkeitsexpertin und Bestsellerautorin.\" \/>\n<meta property=\"og:url\" content=\"https:\/\/staging.wewhale.co\/de\/2023\/07\/13\/der-wewhale-pod-episode-9-finn-van-der-aar\/\" \/>\n<meta property=\"og:site_name\" content=\"WeWhale\" \/>\n<meta property=\"article:published_time\" content=\"2023-07-13T07:39:15+00:00\" \/>\n<meta property=\"article:modified_time\" content=\"2023-07-19T14:24:22+00:00\" \/>\n<meta property=\"og:image\" content=\"https:\/\/staging.wewhale.co\/wp-content\/uploads\/2023\/07\/Finn-van-der-Aar-podcast-1024x512.png\" \/>\n\t<meta property=\"og:image:width\" content=\"1024\" \/>\n\t<meta property=\"og:image:height\" content=\"512\" \/>\n\t<meta property=\"og:image:type\" content=\"image\/png\" \/>\n<meta name=\"author\" content=\"Lisa Jewell\" \/>\n<meta name=\"twitter:card\" content=\"summary_large_image\" \/>\n<meta name=\"twitter:creator\" content=\"@WeWhaleCo\" \/>\n<meta name=\"twitter:site\" content=\"@WeWhaleCo\" \/>\n<meta name=\"twitter:label1\" content=\"Verfasst von\" \/>\n\t<meta name=\"twitter:data1\" content=\"Lisa Jewell\" \/>\n\t<meta name=\"twitter:label2\" content=\"Gesch\u00e4tzte Lesezeit\" \/>\n\t<meta name=\"twitter:data2\" content=\"1\u00a0Minute\" \/>\n<script type=\"application\/ld+json\" class=\"yoast-schema-graph\">{\"@context\":\"https:\/\/schema.org\",\"@graph\":[{\"@type\":\"Article\",\"@id\":\"https:\/\/staging.wewhale.co\/de\/2023\/07\/13\/der-wewhale-pod-episode-9-finn-van-der-aar\/#article\",\"isPartOf\":{\"@id\":\"https:\/\/staging.wewhale.co\/de\/2023\/07\/13\/der-wewhale-pod-episode-9-finn-van-der-aar\/\"},\"author\":{\"name\":\"Lisa Jewell\",\"@id\":\"https:\/\/staging.wewhale.co\/de\/#\/schema\/person\/daa564942b5d00d3578d50a261f9f319\"},\"headline\":\"Der WeWhale Pod Episode 9 &#8211; Finn van der Aar\",\"datePublished\":\"2023-07-13T07:39:15+00:00\",\"dateModified\":\"2023-07-19T14:24:22+00:00\",\"mainEntityOfPage\":{\"@id\":\"https:\/\/staging.wewhale.co\/de\/2023\/07\/13\/der-wewhale-pod-episode-9-finn-van-der-aar\/\"},\"wordCount\":193,\"commentCount\":0,\"publisher\":{\"@id\":\"https:\/\/staging.wewhale.co\/de\/#organization\"},\"image\":{\"@id\":\"https:\/\/staging.wewhale.co\/de\/2023\/07\/13\/der-wewhale-pod-episode-9-finn-van-der-aar\/#primaryimage\"},\"thumbnailUrl\":\"https:\/\/staging.wewhale.co\/wp-content\/uploads\/2023\/07\/Finn-van-der-Aar-podcast.png\",\"keywords\":[\"Meeresschutz\",\"Grindwale\",\"Der WeWhale-Pod\",\"Nachhaltigkeit\",\"Finn van der Aar\",\"Gro\u00dfe T\u00fcmmler\",\"Meereswissenschaft\"],\"articleSection\":[\"The WeWhale Pod\"],\"inLanguage\":\"de\",\"potentialAction\":[{\"@type\":\"CommentAction\",\"name\":\"Comment\",\"target\":[\"https:\/\/staging.wewhale.co\/de\/2023\/07\/13\/der-wewhale-pod-episode-9-finn-van-der-aar\/#respond\"]}]},{\"@type\":\"WebPage\",\"@id\":\"https:\/\/staging.wewhale.co\/de\/2023\/07\/13\/der-wewhale-pod-episode-9-finn-van-der-aar\/\",\"url\":\"https:\/\/staging.wewhale.co\/de\/2023\/07\/13\/der-wewhale-pod-episode-9-finn-van-der-aar\/\",\"name\":\"Der WeWhale Pod Episode 9 - Finn van der Aar - WeWhale\",\"isPartOf\":{\"@id\":\"https:\/\/staging.wewhale.co\/de\/#website\"},\"primaryImageOfPage\":{\"@id\":\"https:\/\/staging.wewhale.co\/de\/2023\/07\/13\/der-wewhale-pod-episode-9-finn-van-der-aar\/#primaryimage\"},\"image\":{\"@id\":\"https:\/\/staging.wewhale.co\/de\/2023\/07\/13\/der-wewhale-pod-episode-9-finn-van-der-aar\/#primaryimage\"},\"thumbnailUrl\":\"https:\/\/staging.wewhale.co\/wp-content\/uploads\/2023\/07\/Finn-van-der-Aar-podcast.png\",\"datePublished\":\"2023-07-13T07:39:15+00:00\",\"dateModified\":\"2023-07-19T14:24:22+00:00\",\"description\":\"Unser Gast in dieser Folge von The WeWhale Pod ist Finn van der Aar. Sie ist Meereswissenschaftlerin, Nachhaltigkeitsexpertin und Bestsellerautorin.\",\"breadcrumb\":{\"@id\":\"https:\/\/staging.wewhale.co\/de\/2023\/07\/13\/der-wewhale-pod-episode-9-finn-van-der-aar\/#breadcrumb\"},\"inLanguage\":\"de\",\"potentialAction\":[{\"@type\":\"ReadAction\",\"target\":[\"https:\/\/staging.wewhale.co\/de\/2023\/07\/13\/der-wewhale-pod-episode-9-finn-van-der-aar\/\"]}]},{\"@type\":\"ImageObject\",\"inLanguage\":\"de\",\"@id\":\"https:\/\/staging.wewhale.co\/de\/2023\/07\/13\/der-wewhale-pod-episode-9-finn-van-der-aar\/#primaryimage\",\"url\":\"https:\/\/staging.wewhale.co\/wp-content\/uploads\/2023\/07\/Finn-van-der-Aar-podcast.png\",\"contentUrl\":\"https:\/\/staging.wewhale.co\/wp-content\/uploads\/2023\/07\/Finn-van-der-Aar-podcast.png\",\"width\":2000,\"height\":1000,\"caption\":\"Finn van der Aar\"},{\"@type\":\"BreadcrumbList\",\"@id\":\"https:\/\/staging.wewhale.co\/de\/2023\/07\/13\/der-wewhale-pod-episode-9-finn-van-der-aar\/#breadcrumb\",\"itemListElement\":[{\"@type\":\"ListItem\",\"position\":1,\"name\":\"Home\",\"item\":\"https:\/\/staging.wewhale.co\/de\/wewhale-home-2\/\"},{\"@type\":\"ListItem\",\"position\":2,\"name\":\"Der WeWhale Pod Episode 9 &#8211; Finn van der Aar\"}]},{\"@type\":\"WebSite\",\"@id\":\"https:\/\/staging.wewhale.co\/de\/#website\",\"url\":\"https:\/\/staging.wewhale.co\/de\/\",\"name\":\"WeWhale\",\"description\":\"\",\"publisher\":{\"@id\":\"https:\/\/staging.wewhale.co\/de\/#organization\"},\"potentialAction\":[{\"@type\":\"SearchAction\",\"target\":{\"@type\":\"EntryPoint\",\"urlTemplate\":\"https:\/\/staging.wewhale.co\/de\/?s={search_term_string}\"},\"query-input\":\"required name=search_term_string\"}],\"inLanguage\":\"de\"},{\"@type\":\"Organization\",\"@id\":\"https:\/\/staging.wewhale.co\/de\/#organization\",\"name\":\"WeWhale\",\"url\":\"https:\/\/staging.wewhale.co\/de\/\",\"logo\":{\"@type\":\"ImageObject\",\"inLanguage\":\"de\",\"@id\":\"https:\/\/staging.wewhale.co\/de\/#\/schema\/logo\/image\/\",\"url\":\"https:\/\/staging.wewhale.co\/wp-content\/uploads\/2022\/06\/wewhale_stamp_rgb.png\",\"contentUrl\":\"https:\/\/staging.wewhale.co\/wp-content\/uploads\/2022\/06\/wewhale_stamp_rgb.png\",\"width\":1000,\"height\":1000,\"caption\":\"WeWhale\"},\"image\":{\"@id\":\"https:\/\/staging.wewhale.co\/de\/#\/schema\/logo\/image\/\"},\"sameAs\":[\"https:\/\/x.com\/WeWhaleCo\"]},{\"@type\":\"Person\",\"@id\":\"https:\/\/staging.wewhale.co\/de\/#\/schema\/person\/daa564942b5d00d3578d50a261f9f319\",\"name\":\"Lisa Jewell\",\"url\":\"https:\/\/staging.wewhale.co\/de\/author\/lisa\/\"}]}<\/script>\n<!-- \/ Yoast SEO Premium plugin. -->","yoast_head_json":{"title":"Der WeWhale Pod Episode 9 - Finn van der Aar - WeWhale","description":"Unser Gast in dieser Folge von The WeWhale Pod ist Finn van der Aar. Sie ist Meereswissenschaftlerin, Nachhaltigkeitsexpertin und Bestsellerautorin.","robots":{"index":"index","follow":"follow","max-snippet":"max-snippet:-1","max-image-preview":"max-image-preview:large","max-video-preview":"max-video-preview:-1"},"canonical":"https:\/\/staging.wewhale.co\/de\/2023\/07\/13\/der-wewhale-pod-episode-9-finn-van-der-aar\/","og_locale":"de_DE","og_type":"article","og_title":"Der WeWhale Pod Episode 9 - Finn van der Aar","og_description":"Unser Gast in dieser Folge von The WeWhale Pod ist Finn van der Aar. Sie ist Meereswissenschaftlerin, Nachhaltigkeitsexpertin und Bestsellerautorin.","og_url":"https:\/\/staging.wewhale.co\/de\/2023\/07\/13\/der-wewhale-pod-episode-9-finn-van-der-aar\/","og_site_name":"WeWhale","article_published_time":"2023-07-13T07:39:15+00:00","article_modified_time":"2023-07-19T14:24:22+00:00","og_image":[{"width":1024,"height":512,"url":"https:\/\/staging.wewhale.co\/wp-content\/uploads\/2023\/07\/Finn-van-der-Aar-podcast-1024x512.png","type":"image\/png"}],"author":"Lisa Jewell","twitter_card":"summary_large_image","twitter_creator":"@WeWhaleCo","twitter_site":"@WeWhaleCo","twitter_misc":{"Verfasst von":"Lisa Jewell","Gesch\u00e4tzte Lesezeit":"1\u00a0Minute"},"schema":{"@context":"https:\/\/schema.org","@graph":[{"@type":"Article","@id":"https:\/\/staging.wewhale.co\/de\/2023\/07\/13\/der-wewhale-pod-episode-9-finn-van-der-aar\/#article","isPartOf":{"@id":"https:\/\/staging.wewhale.co\/de\/2023\/07\/13\/der-wewhale-pod-episode-9-finn-van-der-aar\/"},"author":{"name":"Lisa Jewell","@id":"https:\/\/staging.wewhale.co\/de\/#\/schema\/person\/daa564942b5d00d3578d50a261f9f319"},"headline":"Der WeWhale Pod Episode 9 &#8211; Finn van der Aar","datePublished":"2023-07-13T07:39:15+00:00","dateModified":"2023-07-19T14:24:22+00:00","mainEntityOfPage":{"@id":"https:\/\/staging.wewhale.co\/de\/2023\/07\/13\/der-wewhale-pod-episode-9-finn-van-der-aar\/"},"wordCount":193,"commentCount":0,"publisher":{"@id":"https:\/\/staging.wewhale.co\/de\/#organization"},"image":{"@id":"https:\/\/staging.wewhale.co\/de\/2023\/07\/13\/der-wewhale-pod-episode-9-finn-van-der-aar\/#primaryimage"},"thumbnailUrl":"https:\/\/staging.wewhale.co\/wp-content\/uploads\/2023\/07\/Finn-van-der-Aar-podcast.png","keywords":["Meeresschutz","Grindwale","Der WeWhale-Pod","Nachhaltigkeit","Finn van der Aar","Gro\u00dfe T\u00fcmmler","Meereswissenschaft"],"articleSection":["The WeWhale Pod"],"inLanguage":"de","potentialAction":[{"@type":"CommentAction","name":"Comment","target":["https:\/\/staging.wewhale.co\/de\/2023\/07\/13\/der-wewhale-pod-episode-9-finn-van-der-aar\/#respond"]}]},{"@type":"WebPage","@id":"https:\/\/staging.wewhale.co\/de\/2023\/07\/13\/der-wewhale-pod-episode-9-finn-van-der-aar\/","url":"https:\/\/staging.wewhale.co\/de\/2023\/07\/13\/der-wewhale-pod-episode-9-finn-van-der-aar\/","name":"Der WeWhale Pod Episode 9 - Finn van der Aar - WeWhale","isPartOf":{"@id":"https:\/\/staging.wewhale.co\/de\/#website"},"primaryImageOfPage":{"@id":"https:\/\/staging.wewhale.co\/de\/2023\/07\/13\/der-wewhale-pod-episode-9-finn-van-der-aar\/#primaryimage"},"image":{"@id":"https:\/\/staging.wewhale.co\/de\/2023\/07\/13\/der-wewhale-pod-episode-9-finn-van-der-aar\/#primaryimage"},"thumbnailUrl":"https:\/\/staging.wewhale.co\/wp-content\/uploads\/2023\/07\/Finn-van-der-Aar-podcast.png","datePublished":"2023-07-13T07:39:15+00:00","dateModified":"2023-07-19T14:24:22+00:00","description":"Unser Gast in dieser Folge von The WeWhale Pod ist Finn van der Aar. Sie ist Meereswissenschaftlerin, Nachhaltigkeitsexpertin und Bestsellerautorin.","breadcrumb":{"@id":"https:\/\/staging.wewhale.co\/de\/2023\/07\/13\/der-wewhale-pod-episode-9-finn-van-der-aar\/#breadcrumb"},"inLanguage":"de","potentialAction":[{"@type":"ReadAction","target":["https:\/\/staging.wewhale.co\/de\/2023\/07\/13\/der-wewhale-pod-episode-9-finn-van-der-aar\/"]}]},{"@type":"ImageObject","inLanguage":"de","@id":"https:\/\/staging.wewhale.co\/de\/2023\/07\/13\/der-wewhale-pod-episode-9-finn-van-der-aar\/#primaryimage","url":"https:\/\/staging.wewhale.co\/wp-content\/uploads\/2023\/07\/Finn-van-der-Aar-podcast.png","contentUrl":"https:\/\/staging.wewhale.co\/wp-content\/uploads\/2023\/07\/Finn-van-der-Aar-podcast.png","width":2000,"height":1000,"caption":"Finn van der Aar"},{"@type":"BreadcrumbList","@id":"https:\/\/staging.wewhale.co\/de\/2023\/07\/13\/der-wewhale-pod-episode-9-finn-van-der-aar\/#breadcrumb","itemListElement":[{"@type":"ListItem","position":1,"name":"Home","item":"https:\/\/staging.wewhale.co\/de\/wewhale-home-2\/"},{"@type":"ListItem","position":2,"name":"Der WeWhale Pod Episode 9 &#8211; Finn van der Aar"}]},{"@type":"WebSite","@id":"https:\/\/staging.wewhale.co\/de\/#website","url":"https:\/\/staging.wewhale.co\/de\/","name":"WeWhale","description":"","publisher":{"@id":"https:\/\/staging.wewhale.co\/de\/#organization"},"potentialAction":[{"@type":"SearchAction","target":{"@type":"EntryPoint","urlTemplate":"https:\/\/staging.wewhale.co\/de\/?s={search_term_string}"},"query-input":"required name=search_term_string"}],"inLanguage":"de"},{"@type":"Organization","@id":"https:\/\/staging.wewhale.co\/de\/#organization","name":"WeWhale","url":"https:\/\/staging.wewhale.co\/de\/","logo":{"@type":"ImageObject","inLanguage":"de","@id":"https:\/\/staging.wewhale.co\/de\/#\/schema\/logo\/image\/","url":"https:\/\/staging.wewhale.co\/wp-content\/uploads\/2022\/06\/wewhale_stamp_rgb.png","contentUrl":"https:\/\/staging.wewhale.co\/wp-content\/uploads\/2022\/06\/wewhale_stamp_rgb.png","width":1000,"height":1000,"caption":"WeWhale"},"image":{"@id":"https:\/\/staging.wewhale.co\/de\/#\/schema\/logo\/image\/"},"sameAs":["https:\/\/x.com\/WeWhaleCo"]},{"@type":"Person","@id":"https:\/\/staging.wewhale.co\/de\/#\/schema\/person\/daa564942b5d00d3578d50a261f9f319","name":"Lisa Jewell","url":"https:\/\/staging.wewhale.co\/de\/author\/lisa\/"}]}},"_links":{"self":[{"href":"https:\/\/staging.wewhale.co\/de\/wp-json\/wp\/v2\/posts\/111159","targetHints":{"allow":["GET"]}}],"collection":[{"href":"https:\/\/staging.wewhale.co\/de\/wp-json\/wp\/v2\/posts"}],"about":[{"href":"https:\/\/staging.wewhale.co\/de\/wp-json\/wp\/v2\/types\/post"}],"author":[{"embeddable":true,"href":"https:\/\/staging.wewhale.co\/de\/wp-json\/wp\/v2\/users\/3"}],"replies":[{"embeddable":true,"href":"https:\/\/staging.wewhale.co\/de\/wp-json\/wp\/v2\/comments?post=111159"}],"version-history":[{"count":2,"href":"https:\/\/staging.wewhale.co\/de\/wp-json\/wp\/v2\/posts\/111159\/revisions"}],"predecessor-version":[{"id":111161,"href":"https:\/\/staging.wewhale.co\/de\/wp-json\/wp\/v2\/posts\/111159\/revisions\/111161"}],"wp:featuredmedia":[{"embeddable":true,"href":"https:\/\/staging.wewhale.co\/de\/wp-json\/wp\/v2\/media\/111149"}],"wp:attachment":[{"href":"https:\/\/staging.wewhale.co\/de\/wp-json\/wp\/v2\/media?parent=111159"}],"wp:term":[{"taxonomy":"category","embeddable":true,"href":"https:\/\/staging.wewhale.co\/de\/wp-json\/wp\/v2\/categories?post=111159"},{"taxonomy":"post_tag","embeddable":true,"href":"https:\/\/staging.wewhale.co\/de\/wp-json\/wp\/v2\/tags?post=111159"}],"curies":[{"name":"wp","href":"https:\/\/api.w.org\/{rel}","templated":true}]}}