{"id":2359,"date":"2022-10-27T09:20:32","date_gmt":"2022-10-27T08:20:32","guid":{"rendered":"https:\/\/staging.wewhale.co\/?p=2359"},"modified":"2023-04-04T12:23:45","modified_gmt":"2023-04-04T11:23:45","slug":"wewhale-bei-der-tagung-der-internationalen-walfangkommission-iwc-2022","status":"publish","type":"post","link":"https:\/\/staging.wewhale.co\/de\/2022\/10\/27\/wewhale-bei-der-tagung-der-internationalen-walfangkommission-iwc-2022\/","title":{"rendered":"WeWhale auf der Tagung der Internationalen Walfangkommission 2022"},"content":{"rendered":"<div class=\"wpb-content-wrapper\"><p>[vc_row][vc_column width=&#8221;1\/1&#8243;][vc_column_text uncode_shortcode_id=&#8221;238425&#8243;]<\/p>\n<p class=\"Normal0\"><span lang=\"EN-US\" style=\"font-size: 12.0pt; line-height: 107%;\">WeWhale war erfreut, als Beobachter zur 68<sup>.<\/sup> Tagung der Internationalen Walfangkommission (IWC) in Portoro\u017e, Slowenien, eingeladen worden zu sein.<\/span><\/p>\n<p class=\"Normal0\"><span lang=\"EN-US\" style=\"font-size: 12.0pt; line-height: 107%;\"> Unser Gr\u00fcnder und Gesch\u00e4ftsf\u00fchrer, Janek Andre, teilt in diesem Blog einige Gedanken zur Geschichte und Rolle der IWC mit und zeigt Wege auf, wie wir mehr L\u00e4nder davon \u00fcberzeugen k\u00f6nnen, ihre Walfangaktivit\u00e4ten einzustellen.<\/span><\/p>\n<p>[\/vc_column_text][vc_custom_heading uncode_shortcode_id=&#8221;157219&#8243;]<strong>Geschichte der IWC<\/strong>[\/vc_custom_heading][vc_column_text uncode_shortcode_id=&#8221;458157&#8243;]Die IWC wurde 1946 gegr\u00fcndet, um \u00fcber die &#8220;Bewirtschaftung der Walbest\u00e4nde&#8221; zu sprechen. Es handelte sich dabei um eine spezialisierte regionale Fischereiorganisation, die sich auf Wale konzentrierte (mit anderen Worten, sie entschied, wie viele Wale in welchen Gew\u00e4ssern von welchen L\u00e4ndern get\u00f6tet werden durften).<\/p>\n<p>15 Nationen unterzeichneten das Gr\u00fcndungsdokument, das <a href=\"https:\/\/iwc.int\/commission\/convention\">Internationale \u00dcbereinkommen zur Regelung des Walfangs<\/a>.<\/p>\n<p>Gl\u00fccklicherweise erkannten im Laufe der Jahre viele L\u00e4nder, dass Wale und Delfine gesch\u00fctzt und nicht get\u00f6tet werden m\u00fcssen. Im Jahr 1986 erlie\u00df die IWC ein <a href=\"https:\/\/www.greenpeace.org\/usa\/victories\/commercial-whaling-banned\/\">historisches Moratorium f\u00fcr den kommerziellen Walfang<\/a> und verbot die gesamte Jagd mit Ausnahme von wissenschaftlichen Studien und der Jagd durch bestimmte indigene Gruppen.<\/p>\n<p>Auf der IWC-Tagung 2018 stimmten die Kommissionsmitglieder nach einer oft kontroversen Debatte f\u00fcr einen brasilianischen Vorschlag zum unbefristeten Schutz der weltweiten Walpopulationen.<\/p>\n<p>Die <a href=\"https:\/\/www.bbc.com\/news\/world-latin-america-45516234\">&#8220;Florianopolis-Erkl\u00e4rung&#8221;<\/a>, benannt nach dem Tagungsort der IWC-Tagung in jenem Jahr, sah Wale nicht mehr als notwendige wirtschaftliche Aktivit\u00e4t an und bekr\u00e4ftigte das anhaltende Moratorium f\u00fcr den kommerziellen Walfang. Diese nicht verbindliche Erkl\u00e4rung wurde von 40 Mitgliedern unterst\u00fctzt, aber 27 stimmten dagegen, darunter &#8211; wenig \u00fcberraschend &#8211; Walfangnationen wie Japan, Norwegen und Island.<\/p>\n<p>Umweltsch\u00fctzer lobten die Erkl\u00e4rung und nannten sie einen gro\u00dfen Sieg f\u00fcr die Wale&#8221; (International Fund for Animal Welfare) und ein Manifest f\u00fcr die friedliche Koexistenz von Walen und Menschen&#8221; (Ocean Care).[\/vc_column_text][vc_single_image media=&#8221;2334&#8243; media_width_percent=&#8221;100&#8243; uncode_shortcode_id=&#8221;275055&#8243;][vc_custom_heading uncode_shortcode_id=&#8221;175266&#8243;]<strong>IWC im Jahr 2022<\/strong>[\/vc_custom_heading][vc_column_text uncode_shortcode_id=&#8221;634971&#8243;]Der <a href=\"https:\/\/iwc.int\/en\/\">IWC<\/a> geh\u00f6ren heute 88 Mitgliedstaaten an. Jeder Mitgliedsstaat entsendet einen Delegierten, der die Interessen des vertretenen Landes vertritt.<\/p>\n<p>Es ist erstaunlich, dass trotz der Tatsache, dass das klare Ziel seit der Plenarsitzung in Florianopolis im Jahr 2018 der Schutz und das Wohlergehen der Wale ist, wir heute immer noch mehr als 30 L\u00e4nder z\u00e4hlen, die f\u00fcr den &#8220;nachhaltigen Walfang&#8221; sind, wie diese Nationen es nennen!<\/p>\n<p>Aus vielen Gr\u00fcnden (Anerkennung ihrer emotionalen Intelligenz, ihrer wichtigen Rolle bei der Bek\u00e4mpfung des Klimawandels und ihrer Bedeutung f\u00fcr unsere Meeres\u00f6kosysteme, die Liste geht weiter!) sollten Wale standardm\u00e4\u00dfig in allen nationalen oder internationalen Gew\u00e4ssern auf der ganzen Welt gesch\u00fctzt werden.[\/vc_column_text][vc_single_image media=&#8221;2342&#8243; media_width_percent=&#8221;100&#8243; uncode_shortcode_id=&#8221;165694&#8243;][vc_custom_heading uncode_shortcode_id=&#8221;297987&#8243;]<strong>K\u00f6nnen wir den Walfang auf der ganzen Welt stoppen?<\/strong>[\/vc_custom_heading][vc_column_text uncode_shortcode_id=&#8221;794172&#8243;]Wir von WeWhale haben im Namen dieser majest\u00e4tischen Tiere an der IWC 68 teilgenommen &#8211; um f\u00fcr sie einzutreten und Schutzkonzepte vorzuschlagen, die sogar den Walfang bef\u00fcrwortenden Nationen wie vielen karibischen Inseln, aber auch Island und Norwegen zugute kommen k\u00f6nnten.<\/p>\n<p>Unser Vorschlag zielt darauf ab, nachhaltige Whale-Watching-Konzepte f\u00fcr L\u00e4nder zu entwickeln, die das Privileg haben, Walarten in &#8220;ihren&#8221; Gew\u00e4ssern leben zu lassen. Da eines der wichtigsten Naturschutzthemen die Verringerung der L\u00e4rmbel\u00e4stigung unter Wasser ist, konzentriert sich unsere L\u00f6sung f\u00fcr die derzeitigen Walbeobachtungsl\u00e4nder bzw. f\u00fcr die L\u00e4nder, in denen die Walbeobachtung noch im Entstehen begriffen ist, darauf, verantwortungsvolle Whale-Watching-Erlebnisse zu bieten, die das Bewusstsein f\u00fcr die Wale sch\u00e4rfen und wirtschaftliche Vorteile f\u00fcr die lokalen Gemeinden bringen.<\/p>\n<p>WeWhale ist eine nachhaltige Organisation, die das Problem der st\u00e4ndig zunehmenden L\u00e4rmbel\u00e4stigung unter Wasser angeht und l\u00e4rm- und emissionsfreie Whale-Watching-Konzepte umsetzt.<\/p>\n<p>Auf diese Weise k\u00f6nnten L\u00e4nder, die derzeit den Walfang bef\u00fcrworten, einen wichtigen Wechsel vollziehen und zus\u00e4tzlich zur Entwicklung lokaler wirtschaftlicher \u00d6kosysteme profitieren.<\/p>\n<p>Unter Ber\u00fccksichtigung der Ziele der IWC und der Rolle der Wale auf dem Planeten Erde ermutigen wir insbesondere die L\u00e4nder, die derzeit die Waljagd bef\u00fcrworten, ihre Position zu \u00e4ndern. WeWhale ist bereit, die Dinge zu unterst\u00fctzen, zu implementieren und zum Laufen zu bringen!<\/p>\n<p>Wir hoffen, dass die Internationale Walfangkommission bald in Internationale Walfangkommission umbenannt wird. WeWhale wird an vorderster Front dabei sein, um die Wale zu st\u00e4rken und sicherzustellen, dass sie in einer Welt leben, in der sie nicht von der Jagd bedroht sind.[\/vc_column_text][\/vc_column][\/vc_row]<\/p>\n<\/div>","protected":false},"excerpt":{"rendered":"<p>[vc_row][vc_column width=&#8221;1\/1&#8243;][vc_column_text uncode_shortcode_id=&#8221;238425&#8243;] WeWhale war erfreut, als Beobachter zur 68. Tagung der Internationalen Walfangkommission (IWC) in Portoro\u017e, Slowenien, eingeladen worden [&hellip;]<\/p>\n","protected":false},"author":2,"featured_media":2332,"comment_status":"open","ping_status":"open","sticky":false,"template":"","format":"standard","meta":{"footnotes":""},"categories":[434],"tags":[436,49,51,59,93,95,97,140,187,221,247,435],"class_list":["post-2359","post","type-post","status-publish","format-standard","has-post-thumbnail","hentry","category-walfang","tag-internationale-walfangkommission","tag-whales-de","tag-threats-to-whales-de","tag-wewhale-de","tag-responsible-whale-watching-de","tag-walbeobachtung","tag-conservation-de","tag-whale-hunting-de","tag-wal","tag-wale","tag-walfang","tag-iwc-de"],"yoast_head":"<!-- This site is optimized with the Yoast SEO Premium plugin v23.2 (Yoast SEO v23.2) - https:\/\/yoast.com\/wordpress\/plugins\/seo\/ -->\n<title>WeWhale auf der Tagung der Internationalen Walfangkommission 2022 - WeWhale<\/title>\n<meta name=\"description\" content=\"WeWhale war erfreut, als Beobachter zur 68. Tagung der Internationalen Walfangkommission (IWC) in Portoro\u017e, Slowenien, eingeladen worden zu sein.\" \/>\n<meta name=\"robots\" content=\"index, follow, max-snippet:-1, max-image-preview:large, max-video-preview:-1\" \/>\n<link rel=\"canonical\" href=\"https:\/\/staging.wewhale.co\/de\/2022\/10\/27\/wewhale-bei-der-tagung-der-internationalen-walfangkommission-iwc-2022\/\" \/>\n<meta property=\"og:locale\" content=\"de_DE\" \/>\n<meta property=\"og:type\" content=\"article\" \/>\n<meta property=\"og:title\" content=\"WeWhale auf der Tagung der Internationalen Walfangkommission 2022\" \/>\n<meta property=\"og:description\" content=\"WeWhale war erfreut, als Beobachter zur 68. Tagung der Internationalen Walfangkommission (IWC) in Portoro\u017e, Slowenien, eingeladen worden zu sein.\" \/>\n<meta property=\"og:url\" content=\"https:\/\/staging.wewhale.co\/de\/2022\/10\/27\/wewhale-bei-der-tagung-der-internationalen-walfangkommission-iwc-2022\/\" \/>\n<meta property=\"og:site_name\" content=\"WeWhale\" \/>\n<meta property=\"article:published_time\" content=\"2022-10-27T08:20:32+00:00\" \/>\n<meta property=\"article:modified_time\" content=\"2023-04-04T11:23:45+00:00\" \/>\n<meta property=\"og:image\" content=\"https:\/\/staging.wewhale.co\/wp-content\/uploads\/2022\/10\/IWC-pic-3-1024x512.png\" \/>\n\t<meta property=\"og:image:width\" content=\"1024\" \/>\n\t<meta property=\"og:image:height\" content=\"512\" \/>\n\t<meta property=\"og:image:type\" content=\"image\/png\" \/>\n<meta name=\"author\" content=\"Janek Andre\" \/>\n<meta name=\"twitter:card\" content=\"summary_large_image\" \/>\n<meta name=\"twitter:creator\" content=\"@WeWhaleCo\" \/>\n<meta name=\"twitter:site\" content=\"@WeWhaleCo\" \/>\n<meta name=\"twitter:label1\" content=\"Verfasst von\" \/>\n\t<meta name=\"twitter:data1\" content=\"Janek Andre\" \/>\n\t<meta name=\"twitter:label2\" content=\"Gesch\u00e4tzte Lesezeit\" \/>\n\t<meta name=\"twitter:data2\" content=\"3\u00a0Minuten\" \/>\n<script type=\"application\/ld+json\" class=\"yoast-schema-graph\">{\"@context\":\"https:\/\/schema.org\",\"@graph\":[{\"@type\":\"Article\",\"@id\":\"https:\/\/staging.wewhale.co\/de\/2022\/10\/27\/wewhale-bei-der-tagung-der-internationalen-walfangkommission-iwc-2022\/#article\",\"isPartOf\":{\"@id\":\"https:\/\/staging.wewhale.co\/de\/2022\/10\/27\/wewhale-bei-der-tagung-der-internationalen-walfangkommission-iwc-2022\/\"},\"author\":{\"name\":\"Janek Andre\",\"@id\":\"https:\/\/staging.wewhale.co\/de\/#\/schema\/person\/bf6009465e28f4c628f35b602f0566bc\"},\"headline\":\"WeWhale auf der Tagung der Internationalen Walfangkommission 2022\",\"datePublished\":\"2022-10-27T08:20:32+00:00\",\"dateModified\":\"2023-04-04T11:23:45+00:00\",\"mainEntityOfPage\":{\"@id\":\"https:\/\/staging.wewhale.co\/de\/2022\/10\/27\/wewhale-bei-der-tagung-der-internationalen-walfangkommission-iwc-2022\/\"},\"wordCount\":785,\"commentCount\":0,\"publisher\":{\"@id\":\"https:\/\/staging.wewhale.co\/de\/#organization\"},\"image\":{\"@id\":\"https:\/\/staging.wewhale.co\/de\/2022\/10\/27\/wewhale-bei-der-tagung-der-internationalen-walfangkommission-iwc-2022\/#primaryimage\"},\"thumbnailUrl\":\"https:\/\/staging.wewhale.co\/wp-content\/uploads\/2022\/10\/IWC-pic-3.png\",\"keywords\":[\"Internationale Walfangkommission\",\"whales\",\"threats to whales\",\"WeWhale\",\"responsible whale watching\",\"Walbeobachtung\",\"conservation\",\"whale hunting\",\"Wal\",\"Wale\",\"Walfang\",\"IWC\"],\"articleSection\":[\"Walfang\"],\"inLanguage\":\"de\",\"potentialAction\":[{\"@type\":\"CommentAction\",\"name\":\"Comment\",\"target\":[\"https:\/\/staging.wewhale.co\/de\/2022\/10\/27\/wewhale-bei-der-tagung-der-internationalen-walfangkommission-iwc-2022\/#respond\"]}]},{\"@type\":\"WebPage\",\"@id\":\"https:\/\/staging.wewhale.co\/de\/2022\/10\/27\/wewhale-bei-der-tagung-der-internationalen-walfangkommission-iwc-2022\/\",\"url\":\"https:\/\/staging.wewhale.co\/de\/2022\/10\/27\/wewhale-bei-der-tagung-der-internationalen-walfangkommission-iwc-2022\/\",\"name\":\"WeWhale auf der Tagung der Internationalen Walfangkommission 2022 - WeWhale\",\"isPartOf\":{\"@id\":\"https:\/\/staging.wewhale.co\/de\/#website\"},\"primaryImageOfPage\":{\"@id\":\"https:\/\/staging.wewhale.co\/de\/2022\/10\/27\/wewhale-bei-der-tagung-der-internationalen-walfangkommission-iwc-2022\/#primaryimage\"},\"image\":{\"@id\":\"https:\/\/staging.wewhale.co\/de\/2022\/10\/27\/wewhale-bei-der-tagung-der-internationalen-walfangkommission-iwc-2022\/#primaryimage\"},\"thumbnailUrl\":\"https:\/\/staging.wewhale.co\/wp-content\/uploads\/2022\/10\/IWC-pic-3.png\",\"datePublished\":\"2022-10-27T08:20:32+00:00\",\"dateModified\":\"2023-04-04T11:23:45+00:00\",\"description\":\"WeWhale war erfreut, als Beobachter zur 68. Tagung der Internationalen Walfangkommission (IWC) in Portoro\u017e, Slowenien, eingeladen worden zu sein.\",\"breadcrumb\":{\"@id\":\"https:\/\/staging.wewhale.co\/de\/2022\/10\/27\/wewhale-bei-der-tagung-der-internationalen-walfangkommission-iwc-2022\/#breadcrumb\"},\"inLanguage\":\"de\",\"potentialAction\":[{\"@type\":\"ReadAction\",\"target\":[\"https:\/\/staging.wewhale.co\/de\/2022\/10\/27\/wewhale-bei-der-tagung-der-internationalen-walfangkommission-iwc-2022\/\"]}]},{\"@type\":\"ImageObject\",\"inLanguage\":\"de\",\"@id\":\"https:\/\/staging.wewhale.co\/de\/2022\/10\/27\/wewhale-bei-der-tagung-der-internationalen-walfangkommission-iwc-2022\/#primaryimage\",\"url\":\"https:\/\/staging.wewhale.co\/wp-content\/uploads\/2022\/10\/IWC-pic-3.png\",\"contentUrl\":\"https:\/\/staging.wewhale.co\/wp-content\/uploads\/2022\/10\/IWC-pic-3.png\",\"width\":2000,\"height\":1000,\"caption\":\"International Whaling Commission\"},{\"@type\":\"BreadcrumbList\",\"@id\":\"https:\/\/staging.wewhale.co\/de\/2022\/10\/27\/wewhale-bei-der-tagung-der-internationalen-walfangkommission-iwc-2022\/#breadcrumb\",\"itemListElement\":[{\"@type\":\"ListItem\",\"position\":1,\"name\":\"Home\",\"item\":\"https:\/\/staging.wewhale.co\/de\/wewhale-home-2\/\"},{\"@type\":\"ListItem\",\"position\":2,\"name\":\"WeWhale auf der Tagung der Internationalen Walfangkommission 2022\"}]},{\"@type\":\"WebSite\",\"@id\":\"https:\/\/staging.wewhale.co\/de\/#website\",\"url\":\"https:\/\/staging.wewhale.co\/de\/\",\"name\":\"WeWhale\",\"description\":\"\",\"publisher\":{\"@id\":\"https:\/\/staging.wewhale.co\/de\/#organization\"},\"potentialAction\":[{\"@type\":\"SearchAction\",\"target\":{\"@type\":\"EntryPoint\",\"urlTemplate\":\"https:\/\/staging.wewhale.co\/de\/?s={search_term_string}\"},\"query-input\":\"required name=search_term_string\"}],\"inLanguage\":\"de\"},{\"@type\":\"Organization\",\"@id\":\"https:\/\/staging.wewhale.co\/de\/#organization\",\"name\":\"WeWhale\",\"url\":\"https:\/\/staging.wewhale.co\/de\/\",\"logo\":{\"@type\":\"ImageObject\",\"inLanguage\":\"de\",\"@id\":\"https:\/\/staging.wewhale.co\/de\/#\/schema\/logo\/image\/\",\"url\":\"https:\/\/staging.wewhale.co\/wp-content\/uploads\/2022\/06\/wewhale_stamp_rgb.png\",\"contentUrl\":\"https:\/\/staging.wewhale.co\/wp-content\/uploads\/2022\/06\/wewhale_stamp_rgb.png\",\"width\":1000,\"height\":1000,\"caption\":\"WeWhale\"},\"image\":{\"@id\":\"https:\/\/staging.wewhale.co\/de\/#\/schema\/logo\/image\/\"},\"sameAs\":[\"https:\/\/x.com\/WeWhaleCo\"]},{\"@type\":\"Person\",\"@id\":\"https:\/\/staging.wewhale.co\/de\/#\/schema\/person\/bf6009465e28f4c628f35b602f0566bc\",\"name\":\"Janek Andre\",\"url\":\"https:\/\/staging.wewhale.co\/de\/author\/janek\/\"}]}<\/script>\n<!-- \/ Yoast SEO Premium plugin. -->","yoast_head_json":{"title":"WeWhale auf der Tagung der Internationalen Walfangkommission 2022 - WeWhale","description":"WeWhale war erfreut, als Beobachter zur 68. Tagung der Internationalen Walfangkommission (IWC) in Portoro\u017e, Slowenien, eingeladen worden zu sein.","robots":{"index":"index","follow":"follow","max-snippet":"max-snippet:-1","max-image-preview":"max-image-preview:large","max-video-preview":"max-video-preview:-1"},"canonical":"https:\/\/staging.wewhale.co\/de\/2022\/10\/27\/wewhale-bei-der-tagung-der-internationalen-walfangkommission-iwc-2022\/","og_locale":"de_DE","og_type":"article","og_title":"WeWhale auf der Tagung der Internationalen Walfangkommission 2022","og_description":"WeWhale war erfreut, als Beobachter zur 68. Tagung der Internationalen Walfangkommission (IWC) in Portoro\u017e, Slowenien, eingeladen worden zu sein.","og_url":"https:\/\/staging.wewhale.co\/de\/2022\/10\/27\/wewhale-bei-der-tagung-der-internationalen-walfangkommission-iwc-2022\/","og_site_name":"WeWhale","article_published_time":"2022-10-27T08:20:32+00:00","article_modified_time":"2023-04-04T11:23:45+00:00","og_image":[{"width":1024,"height":512,"url":"https:\/\/staging.wewhale.co\/wp-content\/uploads\/2022\/10\/IWC-pic-3-1024x512.png","type":"image\/png"}],"author":"Janek Andre","twitter_card":"summary_large_image","twitter_creator":"@WeWhaleCo","twitter_site":"@WeWhaleCo","twitter_misc":{"Verfasst von":"Janek Andre","Gesch\u00e4tzte Lesezeit":"3\u00a0Minuten"},"schema":{"@context":"https:\/\/schema.org","@graph":[{"@type":"Article","@id":"https:\/\/staging.wewhale.co\/de\/2022\/10\/27\/wewhale-bei-der-tagung-der-internationalen-walfangkommission-iwc-2022\/#article","isPartOf":{"@id":"https:\/\/staging.wewhale.co\/de\/2022\/10\/27\/wewhale-bei-der-tagung-der-internationalen-walfangkommission-iwc-2022\/"},"author":{"name":"Janek Andre","@id":"https:\/\/staging.wewhale.co\/de\/#\/schema\/person\/bf6009465e28f4c628f35b602f0566bc"},"headline":"WeWhale auf der Tagung der Internationalen Walfangkommission 2022","datePublished":"2022-10-27T08:20:32+00:00","dateModified":"2023-04-04T11:23:45+00:00","mainEntityOfPage":{"@id":"https:\/\/staging.wewhale.co\/de\/2022\/10\/27\/wewhale-bei-der-tagung-der-internationalen-walfangkommission-iwc-2022\/"},"wordCount":785,"commentCount":0,"publisher":{"@id":"https:\/\/staging.wewhale.co\/de\/#organization"},"image":{"@id":"https:\/\/staging.wewhale.co\/de\/2022\/10\/27\/wewhale-bei-der-tagung-der-internationalen-walfangkommission-iwc-2022\/#primaryimage"},"thumbnailUrl":"https:\/\/staging.wewhale.co\/wp-content\/uploads\/2022\/10\/IWC-pic-3.png","keywords":["Internationale Walfangkommission","whales","threats to whales","WeWhale","responsible whale watching","Walbeobachtung","conservation","whale hunting","Wal","Wale","Walfang","IWC"],"articleSection":["Walfang"],"inLanguage":"de","potentialAction":[{"@type":"CommentAction","name":"Comment","target":["https:\/\/staging.wewhale.co\/de\/2022\/10\/27\/wewhale-bei-der-tagung-der-internationalen-walfangkommission-iwc-2022\/#respond"]}]},{"@type":"WebPage","@id":"https:\/\/staging.wewhale.co\/de\/2022\/10\/27\/wewhale-bei-der-tagung-der-internationalen-walfangkommission-iwc-2022\/","url":"https:\/\/staging.wewhale.co\/de\/2022\/10\/27\/wewhale-bei-der-tagung-der-internationalen-walfangkommission-iwc-2022\/","name":"WeWhale auf der Tagung der Internationalen Walfangkommission 2022 - WeWhale","isPartOf":{"@id":"https:\/\/staging.wewhale.co\/de\/#website"},"primaryImageOfPage":{"@id":"https:\/\/staging.wewhale.co\/de\/2022\/10\/27\/wewhale-bei-der-tagung-der-internationalen-walfangkommission-iwc-2022\/#primaryimage"},"image":{"@id":"https:\/\/staging.wewhale.co\/de\/2022\/10\/27\/wewhale-bei-der-tagung-der-internationalen-walfangkommission-iwc-2022\/#primaryimage"},"thumbnailUrl":"https:\/\/staging.wewhale.co\/wp-content\/uploads\/2022\/10\/IWC-pic-3.png","datePublished":"2022-10-27T08:20:32+00:00","dateModified":"2023-04-04T11:23:45+00:00","description":"WeWhale war erfreut, als Beobachter zur 68. Tagung der Internationalen Walfangkommission (IWC) in Portoro\u017e, Slowenien, eingeladen worden zu sein.","breadcrumb":{"@id":"https:\/\/staging.wewhale.co\/de\/2022\/10\/27\/wewhale-bei-der-tagung-der-internationalen-walfangkommission-iwc-2022\/#breadcrumb"},"inLanguage":"de","potentialAction":[{"@type":"ReadAction","target":["https:\/\/staging.wewhale.co\/de\/2022\/10\/27\/wewhale-bei-der-tagung-der-internationalen-walfangkommission-iwc-2022\/"]}]},{"@type":"ImageObject","inLanguage":"de","@id":"https:\/\/staging.wewhale.co\/de\/2022\/10\/27\/wewhale-bei-der-tagung-der-internationalen-walfangkommission-iwc-2022\/#primaryimage","url":"https:\/\/staging.wewhale.co\/wp-content\/uploads\/2022\/10\/IWC-pic-3.png","contentUrl":"https:\/\/staging.wewhale.co\/wp-content\/uploads\/2022\/10\/IWC-pic-3.png","width":2000,"height":1000,"caption":"International Whaling Commission"},{"@type":"BreadcrumbList","@id":"https:\/\/staging.wewhale.co\/de\/2022\/10\/27\/wewhale-bei-der-tagung-der-internationalen-walfangkommission-iwc-2022\/#breadcrumb","itemListElement":[{"@type":"ListItem","position":1,"name":"Home","item":"https:\/\/staging.wewhale.co\/de\/wewhale-home-2\/"},{"@type":"ListItem","position":2,"name":"WeWhale auf der Tagung der Internationalen Walfangkommission 2022"}]},{"@type":"WebSite","@id":"https:\/\/staging.wewhale.co\/de\/#website","url":"https:\/\/staging.wewhale.co\/de\/","name":"WeWhale","description":"","publisher":{"@id":"https:\/\/staging.wewhale.co\/de\/#organization"},"potentialAction":[{"@type":"SearchAction","target":{"@type":"EntryPoint","urlTemplate":"https:\/\/staging.wewhale.co\/de\/?s={search_term_string}"},"query-input":"required name=search_term_string"}],"inLanguage":"de"},{"@type":"Organization","@id":"https:\/\/staging.wewhale.co\/de\/#organization","name":"WeWhale","url":"https:\/\/staging.wewhale.co\/de\/","logo":{"@type":"ImageObject","inLanguage":"de","@id":"https:\/\/staging.wewhale.co\/de\/#\/schema\/logo\/image\/","url":"https:\/\/staging.wewhale.co\/wp-content\/uploads\/2022\/06\/wewhale_stamp_rgb.png","contentUrl":"https:\/\/staging.wewhale.co\/wp-content\/uploads\/2022\/06\/wewhale_stamp_rgb.png","width":1000,"height":1000,"caption":"WeWhale"},"image":{"@id":"https:\/\/staging.wewhale.co\/de\/#\/schema\/logo\/image\/"},"sameAs":["https:\/\/x.com\/WeWhaleCo"]},{"@type":"Person","@id":"https:\/\/staging.wewhale.co\/de\/#\/schema\/person\/bf6009465e28f4c628f35b602f0566bc","name":"Janek Andre","url":"https:\/\/staging.wewhale.co\/de\/author\/janek\/"}]}},"_links":{"self":[{"href":"https:\/\/staging.wewhale.co\/de\/wp-json\/wp\/v2\/posts\/2359","targetHints":{"allow":["GET"]}}],"collection":[{"href":"https:\/\/staging.wewhale.co\/de\/wp-json\/wp\/v2\/posts"}],"about":[{"href":"https:\/\/staging.wewhale.co\/de\/wp-json\/wp\/v2\/types\/post"}],"author":[{"embeddable":true,"href":"https:\/\/staging.wewhale.co\/de\/wp-json\/wp\/v2\/users\/2"}],"replies":[{"embeddable":true,"href":"https:\/\/staging.wewhale.co\/de\/wp-json\/wp\/v2\/comments?post=2359"}],"version-history":[{"count":19,"href":"https:\/\/staging.wewhale.co\/de\/wp-json\/wp\/v2\/posts\/2359\/revisions"}],"predecessor-version":[{"id":2464,"href":"https:\/\/staging.wewhale.co\/de\/wp-json\/wp\/v2\/posts\/2359\/revisions\/2464"}],"wp:featuredmedia":[{"embeddable":true,"href":"https:\/\/staging.wewhale.co\/de\/wp-json\/wp\/v2\/media\/2332"}],"wp:attachment":[{"href":"https:\/\/staging.wewhale.co\/de\/wp-json\/wp\/v2\/media?parent=2359"}],"wp:term":[{"taxonomy":"category","embeddable":true,"href":"https:\/\/staging.wewhale.co\/de\/wp-json\/wp\/v2\/categories?post=2359"},{"taxonomy":"post_tag","embeddable":true,"href":"https:\/\/staging.wewhale.co\/de\/wp-json\/wp\/v2\/tags?post=2359"}],"curies":[{"name":"wp","href":"https:\/\/api.w.org\/{rel}","templated":true}]}}