{"id":111812,"date":"2023-10-09T16:56:28","date_gmt":"2023-10-09T14:56:28","guid":{"rendered":"https:\/\/staging.wewhale.co\/2023\/10\/09\/news-update-sobre-el-ataque-contra-la-orca-iberica\/"},"modified":"2024-05-15T18:24:53","modified_gmt":"2024-05-15T16:24:53","slug":"news-update-sobre-el-ataque-contra-la-orca-iberica","status":"publish","type":"post","link":"https:\/\/staging.wewhale.co\/es\/2023\/10\/09\/news-update-sobre-el-ataque-contra-la-orca-iberica\/","title":{"rendered":"Actualizaci\u00f3n sobre el ataque contra la orca ib\u00e9rica en peligro cr\u00edtico de extinci\u00f3n"},"content":{"rendered":"<p><strong><em>09.10.23, C\u00e1diz<\/em><\/strong><strong>: <\/strong>Las organizaciones WeWhale Association, Sea Shepherd France, la World Cetacean Alliance y el partido pol\u00edtico PACMA han presentado un informe ante las autoridades competentes con respecto a un presunto delito contra la fauna marina en las aguas cercanas a Tarifa, C\u00e1diz Los incidentes ocurrieron el 17 de agosto de 2023 y est\u00e1n relacionados con un ataque a un grupo de orcas por parte de la tripulaci\u00f3n del barco &#8220;NAKULA&#8221;, que ondeaba la bandera de Malasia.<\/p>\n<p>El informe se basa en una serie de pruebas, incluyendo grabaciones de video y fotograf\u00edas tomadas por testigos presenciales, as\u00ed como una publicaci\u00f3n en la plataforma de redes sociales Facebook en la que el autor de los actos admite su participaci\u00f3n. Adem\u00e1s, se adjunta un mapa de geolocalizaci\u00f3n que se\u00f1ala la ubicaci\u00f3n exacta del incidente.<\/p>\n<p>Las organizaciones denunciantes creen que estas acciones podr\u00edan constituir un delito contra la fauna marina, tal como se define en el C\u00f3digo Penal en los art\u00edculos 334.1, 334.2 y 335. De acuerdo con la legislaci\u00f3n vigente, la caza, pesca, adquisici\u00f3n, posesi\u00f3n o destrucci\u00f3n de especies protegidas de fauna silvestre, as\u00ed como el tr\u00e1fico de ellas, sus partes o derivados, y actividades que obstaculicen o dificulten su reproducci\u00f3n o migraci\u00f3n, conllevan penas de prisi\u00f3n y multas. El informe incluye pruebas sustanciales que respaldan las acusaciones, como publicaciones en redes sociales y testimonios de testigos presenciales. Adem\u00e1s, se solicita a las autoridades llevar a cabo una exhaustiva investigaci\u00f3n de los hechos y identificar a los responsables y al propietario del barco &#8220;NAKULA&#8221;.<\/p>\n<p>Las organizaciones tambi\u00e9n exige la citaci\u00f3n tanto de los presuntos responsables como de testigos clave para esclarecer los acontecimientos y garantizar justicia en este caso.<\/p>\n<p>El informe se ha presentado ante las autoridades competentes y se espera que se inicie una investigaci\u00f3n para determinar la veracidad de los hechos y tomar las medidas apropiadas si se confirma la comisi\u00f3n del delito. Las organizaciones denunciantes est\u00e1n comprometidas con la protecci\u00f3n de la fauna marina y esperan que este caso sirva como ejemplo de la importancia de preservar nuestro entorno natural y sus habitantes, especialmente la cr\u00edticamente amenazada especie de la Orca Ib\u00e9rica, de la cual solo quedan aproximadamente 40 individuos.<\/p>\n<p>El presidente de WeWhale Association, Janek Andre, declar\u00f3: &#8220;Estamos muy contentos de contar con el apoyo de Sea Shepherd France, la World Cetacean Alliance y PACMA en la presentaci\u00f3n de este informe. El incidente del 17 de agosto fue un evento muy impactante y preocupante, y estamos trabajando arduamente para asegurarnos de que los responsables sean llevados ante la justicia en nombre de la Orca Ib\u00e9rica&#8221;.<\/p>\n<p>&#8220;Nos preocupa especialmente los abusos en los que algunos navegantes est\u00e1n incurriendo para alejar a las orcas de sus barcos. Las orcas ib\u00e9ricas se encuentran en peligro cr\u00edtico de extinci\u00f3n, y aunque recientes interacciones pueden haber causado da\u00f1os materiales, las orcas en la naturaleza nunca han atacado a un ser humano, a pesar de lo que algunos medios sensacionalistas quieren hacernos creer. La tarea urgente es entender qu\u00e9 las atrae hacia las h\u00e9lices\/timones y encontrar soluciones inofensivas para disuadirlas. Contamos con la justicia para enviar un mensaje claro a aquellos que podr\u00edan verse tentados a atacar a las orcas&#8221;, declara Lamya Essemlali, Presidenta de Sea Shepherd France.<\/p>\n<p>El CEO de la World Cetacean Alliance, Harry Eckman, dijo: &#8220;Toda la evidencia actual sugiere que las interacciones con las orcas, como el incidente del 17 de agosto, son comportamientos de juego por parte de orcas j\u00f3venes. Por frustrante que esto pueda ser para algunos navegantes esto no justifica los eventos peligrosos e imprudentes que tuvieron lugar. Es vital que quienes sean responsables sean llevados ante la justicia por sus acciones. Las orcas requieren nuestra protecci\u00f3n, y es nuestra responsabilidad colectiva minimizar nuestro impacto en su entorno&#8221;.<\/p>\n<p>\u201cDesde PACMA lamentamos que estas personas se hayan visto con la libertad de agredir a animales creyendo que no tendr\u00edan ning\u00fan tipo de repercusi\u00f3n legal, llegando incluso a hacerlo sin pudor delante de testigos. Por nuestra parte, pondremos a disposici\u00f3n todas las herramientas a nuestro alcance para lograr que este caso llegue a t\u00e9rmino y se logre una sentencia ejemplificante para evitar altercados similares en el futuro\u201d.<\/p>\n<p>Adem\u00e1s, la Asociaci\u00f3n WeWhale ha creado un sitio web espec\u00edfico llamado &#8221; Attacks Against Orcas&#8221; (<a href=\"http:\/\/www.attacks-against-orcas.org\/\">www.attacks-against-orcas.org\/<\/a>) con el objetivo de proporcionar informaci\u00f3n sobre casos en curso relacionados con incidentes denunciados de agresi\u00f3n hacia las orcas (Orcinus orca) por parte de embarcaciones o seres humanos. Esta plataforma tambi\u00e9n permite a las personas que sean testigos de tales ataques informar sobre sus observaciones de agresi\u00f3n contra estos animales.<\/p>\n","protected":false},"excerpt":{"rendered":"<p>09.10.23, C\u00e1diz: Las organizaciones WeWhale Association, Sea Shepherd France, la World Cetacean Alliance y el partido pol\u00edtico PACMA han presentado [&hellip;]<\/p>\n","protected":false},"author":2,"featured_media":111808,"comment_status":"open","ping_status":"open","sticky":false,"template":"","format":"standard","meta":{"footnotes":""},"categories":[838],"tags":[61,68,656,1051,1052],"class_list":["post-111812","post","type-post","status-publish","format-standard","has-post-thumbnail","hentry","category-news-es","tag-orcas-es","tag-orca-es","tag-investigacion-de-la-vida-salvaje","tag-iberian-orca-es","tag-orca-iberica-es"],"yoast_head":"<!-- This site is optimized with the Yoast SEO Premium plugin v23.2 (Yoast SEO v23.2) - https:\/\/yoast.com\/wordpress\/plugins\/seo\/ -->\n<title>Actualizaci\u00f3n sobre el ataque contra la orca ib\u00e9rica en peligro cr\u00edtico de extinci\u00f3n - WeWhale<\/title>\n<meta name=\"description\" content=\"Actualizaci\u00f3n sobre el delito contra la vida silvestre en el Estrecho de Gibraltar, donde la tripulaci\u00f3n de una embarcaci\u00f3n recreativa ha atacado a la poblaci\u00f3n de orcas ib\u00e9ricas\" \/>\n<meta name=\"robots\" content=\"index, follow, max-snippet:-1, max-image-preview:large, max-video-preview:-1\" \/>\n<link rel=\"canonical\" href=\"https:\/\/staging.wewhale.co\/es\/2023\/10\/09\/news-update-sobre-el-ataque-contra-la-orca-iberica\/\" \/>\n<meta property=\"og:locale\" content=\"es_ES\" \/>\n<meta property=\"og:type\" content=\"article\" \/>\n<meta property=\"og:title\" content=\"Actualizaci\u00f3n sobre el ataque contra la orca ib\u00e9rica en peligro cr\u00edtico de extinci\u00f3n\" \/>\n<meta property=\"og:description\" content=\"Actualizaci\u00f3n sobre el delito contra la vida silvestre en el Estrecho de Gibraltar, donde la tripulaci\u00f3n de una embarcaci\u00f3n recreativa ha atacado a la poblaci\u00f3n de orcas ib\u00e9ricas\" \/>\n<meta property=\"og:url\" content=\"https:\/\/staging.wewhale.co\/es\/2023\/10\/09\/news-update-sobre-el-ataque-contra-la-orca-iberica\/\" \/>\n<meta property=\"og:site_name\" content=\"WeWhale\" \/>\n<meta property=\"article:published_time\" content=\"2023-10-09T14:56:28+00:00\" \/>\n<meta property=\"article:modified_time\" content=\"2024-05-15T16:24:53+00:00\" \/>\n<meta property=\"og:image\" content=\"https:\/\/staging.wewhale.co\/wp-content\/uploads\/2023\/10\/IMG_8286.jpg\" \/>\n\t<meta property=\"og:image:width\" content=\"2016\" \/>\n\t<meta property=\"og:image:height\" content=\"1512\" \/>\n\t<meta property=\"og:image:type\" content=\"image\/jpeg\" \/>\n<meta name=\"author\" content=\"Janek Andre\" \/>\n<meta name=\"twitter:card\" content=\"summary_large_image\" \/>\n<meta name=\"twitter:creator\" content=\"@WeWhaleCo\" \/>\n<meta name=\"twitter:site\" content=\"@WeWhaleCo\" \/>\n<meta name=\"twitter:label1\" content=\"Escrito por\" \/>\n\t<meta name=\"twitter:data1\" content=\"Janek Andre\" \/>\n\t<meta name=\"twitter:label2\" content=\"Tiempo de lectura\" \/>\n\t<meta name=\"twitter:data2\" content=\"4 minutos\" \/>\n<script type=\"application\/ld+json\" class=\"yoast-schema-graph\">{\"@context\":\"https:\/\/schema.org\",\"@graph\":[{\"@type\":\"Article\",\"@id\":\"https:\/\/staging.wewhale.co\/es\/2023\/10\/09\/news-update-sobre-el-ataque-contra-la-orca-iberica\/#article\",\"isPartOf\":{\"@id\":\"https:\/\/staging.wewhale.co\/es\/2023\/10\/09\/news-update-sobre-el-ataque-contra-la-orca-iberica\/\"},\"author\":{\"name\":\"Janek Andre\",\"@id\":\"https:\/\/staging.wewhale.co\/es\/#\/schema\/person\/bf6009465e28f4c628f35b602f0566bc\"},\"headline\":\"Actualizaci\u00f3n sobre el ataque contra la orca ib\u00e9rica en peligro cr\u00edtico de extinci\u00f3n\",\"datePublished\":\"2023-10-09T14:56:28+00:00\",\"dateModified\":\"2024-05-15T16:24:53+00:00\",\"mainEntityOfPage\":{\"@id\":\"https:\/\/staging.wewhale.co\/es\/2023\/10\/09\/news-update-sobre-el-ataque-contra-la-orca-iberica\/\"},\"wordCount\":820,\"commentCount\":0,\"publisher\":{\"@id\":\"https:\/\/staging.wewhale.co\/es\/#organization\"},\"image\":{\"@id\":\"https:\/\/staging.wewhale.co\/es\/2023\/10\/09\/news-update-sobre-el-ataque-contra-la-orca-iberica\/#primaryimage\"},\"thumbnailUrl\":\"https:\/\/staging.wewhale.co\/wp-content\/uploads\/2023\/10\/IMG_8286.jpg\",\"keywords\":[\"orcas\",\"orca\",\"investigaci\u00f3n de la vida salvaje\",\"iberian orca\",\"orca iberica\"],\"articleSection\":[\"News\"],\"inLanguage\":\"es\",\"potentialAction\":[{\"@type\":\"CommentAction\",\"name\":\"Comment\",\"target\":[\"https:\/\/staging.wewhale.co\/es\/2023\/10\/09\/news-update-sobre-el-ataque-contra-la-orca-iberica\/#respond\"]}]},{\"@type\":\"WebPage\",\"@id\":\"https:\/\/staging.wewhale.co\/es\/2023\/10\/09\/news-update-sobre-el-ataque-contra-la-orca-iberica\/\",\"url\":\"https:\/\/staging.wewhale.co\/es\/2023\/10\/09\/news-update-sobre-el-ataque-contra-la-orca-iberica\/\",\"name\":\"Actualizaci\u00f3n sobre el ataque contra la orca ib\u00e9rica en peligro cr\u00edtico de extinci\u00f3n - WeWhale\",\"isPartOf\":{\"@id\":\"https:\/\/staging.wewhale.co\/es\/#website\"},\"primaryImageOfPage\":{\"@id\":\"https:\/\/staging.wewhale.co\/es\/2023\/10\/09\/news-update-sobre-el-ataque-contra-la-orca-iberica\/#primaryimage\"},\"image\":{\"@id\":\"https:\/\/staging.wewhale.co\/es\/2023\/10\/09\/news-update-sobre-el-ataque-contra-la-orca-iberica\/#primaryimage\"},\"thumbnailUrl\":\"https:\/\/staging.wewhale.co\/wp-content\/uploads\/2023\/10\/IMG_8286.jpg\",\"datePublished\":\"2023-10-09T14:56:28+00:00\",\"dateModified\":\"2024-05-15T16:24:53+00:00\",\"description\":\"Actualizaci\u00f3n sobre el delito contra la vida silvestre en el Estrecho de Gibraltar, donde la tripulaci\u00f3n de una embarcaci\u00f3n recreativa ha atacado a la poblaci\u00f3n de orcas ib\u00e9ricas\",\"breadcrumb\":{\"@id\":\"https:\/\/staging.wewhale.co\/es\/2023\/10\/09\/news-update-sobre-el-ataque-contra-la-orca-iberica\/#breadcrumb\"},\"inLanguage\":\"es\",\"potentialAction\":[{\"@type\":\"ReadAction\",\"target\":[\"https:\/\/staging.wewhale.co\/es\/2023\/10\/09\/news-update-sobre-el-ataque-contra-la-orca-iberica\/\"]}]},{\"@type\":\"ImageObject\",\"inLanguage\":\"es\",\"@id\":\"https:\/\/staging.wewhale.co\/es\/2023\/10\/09\/news-update-sobre-el-ataque-contra-la-orca-iberica\/#primaryimage\",\"url\":\"https:\/\/staging.wewhale.co\/wp-content\/uploads\/2023\/10\/IMG_8286.jpg\",\"contentUrl\":\"https:\/\/staging.wewhale.co\/wp-content\/uploads\/2023\/10\/IMG_8286.jpg\",\"width\":2016,\"height\":1512,\"caption\":\"Iberian orca\"},{\"@type\":\"BreadcrumbList\",\"@id\":\"https:\/\/staging.wewhale.co\/es\/2023\/10\/09\/news-update-sobre-el-ataque-contra-la-orca-iberica\/#breadcrumb\",\"itemListElement\":[{\"@type\":\"ListItem\",\"position\":1,\"name\":\"Home\",\"item\":\"https:\/\/staging.wewhale.co\/es\/wewhale-inicio\/\"},{\"@type\":\"ListItem\",\"position\":2,\"name\":\"Actualizaci\u00f3n sobre el ataque contra la orca ib\u00e9rica en peligro cr\u00edtico de extinci\u00f3n\"}]},{\"@type\":\"WebSite\",\"@id\":\"https:\/\/staging.wewhale.co\/es\/#website\",\"url\":\"https:\/\/staging.wewhale.co\/es\/\",\"name\":\"WeWhale\",\"description\":\"\",\"publisher\":{\"@id\":\"https:\/\/staging.wewhale.co\/es\/#organization\"},\"potentialAction\":[{\"@type\":\"SearchAction\",\"target\":{\"@type\":\"EntryPoint\",\"urlTemplate\":\"https:\/\/staging.wewhale.co\/es\/?s={search_term_string}\"},\"query-input\":\"required name=search_term_string\"}],\"inLanguage\":\"es\"},{\"@type\":\"Organization\",\"@id\":\"https:\/\/staging.wewhale.co\/es\/#organization\",\"name\":\"WeWhale\",\"url\":\"https:\/\/staging.wewhale.co\/es\/\",\"logo\":{\"@type\":\"ImageObject\",\"inLanguage\":\"es\",\"@id\":\"https:\/\/staging.wewhale.co\/es\/#\/schema\/logo\/image\/\",\"url\":\"https:\/\/staging.wewhale.co\/wp-content\/uploads\/2022\/06\/wewhale_stamp_rgb.png\",\"contentUrl\":\"https:\/\/staging.wewhale.co\/wp-content\/uploads\/2022\/06\/wewhale_stamp_rgb.png\",\"width\":1000,\"height\":1000,\"caption\":\"WeWhale\"},\"image\":{\"@id\":\"https:\/\/staging.wewhale.co\/es\/#\/schema\/logo\/image\/\"},\"sameAs\":[\"https:\/\/x.com\/WeWhaleCo\"]},{\"@type\":\"Person\",\"@id\":\"https:\/\/staging.wewhale.co\/es\/#\/schema\/person\/bf6009465e28f4c628f35b602f0566bc\",\"name\":\"Janek Andre\",\"url\":\"https:\/\/staging.wewhale.co\/es\/author\/janek\/\"}]}<\/script>\n<!-- \/ Yoast SEO Premium plugin. -->","yoast_head_json":{"title":"Actualizaci\u00f3n sobre el ataque contra la orca ib\u00e9rica en peligro cr\u00edtico de extinci\u00f3n - WeWhale","description":"Actualizaci\u00f3n sobre el delito contra la vida silvestre en el Estrecho de Gibraltar, donde la tripulaci\u00f3n de una embarcaci\u00f3n recreativa ha atacado a la poblaci\u00f3n de orcas ib\u00e9ricas","robots":{"index":"index","follow":"follow","max-snippet":"max-snippet:-1","max-image-preview":"max-image-preview:large","max-video-preview":"max-video-preview:-1"},"canonical":"https:\/\/staging.wewhale.co\/es\/2023\/10\/09\/news-update-sobre-el-ataque-contra-la-orca-iberica\/","og_locale":"es_ES","og_type":"article","og_title":"Actualizaci\u00f3n sobre el ataque contra la orca ib\u00e9rica en peligro cr\u00edtico de extinci\u00f3n","og_description":"Actualizaci\u00f3n sobre el delito contra la vida silvestre en el Estrecho de Gibraltar, donde la tripulaci\u00f3n de una embarcaci\u00f3n recreativa ha atacado a la poblaci\u00f3n de orcas ib\u00e9ricas","og_url":"https:\/\/staging.wewhale.co\/es\/2023\/10\/09\/news-update-sobre-el-ataque-contra-la-orca-iberica\/","og_site_name":"WeWhale","article_published_time":"2023-10-09T14:56:28+00:00","article_modified_time":"2024-05-15T16:24:53+00:00","og_image":[{"width":2016,"height":1512,"url":"https:\/\/staging.wewhale.co\/wp-content\/uploads\/2023\/10\/IMG_8286.jpg","type":"image\/jpeg"}],"author":"Janek Andre","twitter_card":"summary_large_image","twitter_creator":"@WeWhaleCo","twitter_site":"@WeWhaleCo","twitter_misc":{"Escrito por":"Janek Andre","Tiempo de lectura":"4 minutos"},"schema":{"@context":"https:\/\/schema.org","@graph":[{"@type":"Article","@id":"https:\/\/staging.wewhale.co\/es\/2023\/10\/09\/news-update-sobre-el-ataque-contra-la-orca-iberica\/#article","isPartOf":{"@id":"https:\/\/staging.wewhale.co\/es\/2023\/10\/09\/news-update-sobre-el-ataque-contra-la-orca-iberica\/"},"author":{"name":"Janek Andre","@id":"https:\/\/staging.wewhale.co\/es\/#\/schema\/person\/bf6009465e28f4c628f35b602f0566bc"},"headline":"Actualizaci\u00f3n sobre el ataque contra la orca ib\u00e9rica en peligro cr\u00edtico de extinci\u00f3n","datePublished":"2023-10-09T14:56:28+00:00","dateModified":"2024-05-15T16:24:53+00:00","mainEntityOfPage":{"@id":"https:\/\/staging.wewhale.co\/es\/2023\/10\/09\/news-update-sobre-el-ataque-contra-la-orca-iberica\/"},"wordCount":820,"commentCount":0,"publisher":{"@id":"https:\/\/staging.wewhale.co\/es\/#organization"},"image":{"@id":"https:\/\/staging.wewhale.co\/es\/2023\/10\/09\/news-update-sobre-el-ataque-contra-la-orca-iberica\/#primaryimage"},"thumbnailUrl":"https:\/\/staging.wewhale.co\/wp-content\/uploads\/2023\/10\/IMG_8286.jpg","keywords":["orcas","orca","investigaci\u00f3n de la vida salvaje","iberian orca","orca iberica"],"articleSection":["News"],"inLanguage":"es","potentialAction":[{"@type":"CommentAction","name":"Comment","target":["https:\/\/staging.wewhale.co\/es\/2023\/10\/09\/news-update-sobre-el-ataque-contra-la-orca-iberica\/#respond"]}]},{"@type":"WebPage","@id":"https:\/\/staging.wewhale.co\/es\/2023\/10\/09\/news-update-sobre-el-ataque-contra-la-orca-iberica\/","url":"https:\/\/staging.wewhale.co\/es\/2023\/10\/09\/news-update-sobre-el-ataque-contra-la-orca-iberica\/","name":"Actualizaci\u00f3n sobre el ataque contra la orca ib\u00e9rica en peligro cr\u00edtico de extinci\u00f3n - WeWhale","isPartOf":{"@id":"https:\/\/staging.wewhale.co\/es\/#website"},"primaryImageOfPage":{"@id":"https:\/\/staging.wewhale.co\/es\/2023\/10\/09\/news-update-sobre-el-ataque-contra-la-orca-iberica\/#primaryimage"},"image":{"@id":"https:\/\/staging.wewhale.co\/es\/2023\/10\/09\/news-update-sobre-el-ataque-contra-la-orca-iberica\/#primaryimage"},"thumbnailUrl":"https:\/\/staging.wewhale.co\/wp-content\/uploads\/2023\/10\/IMG_8286.jpg","datePublished":"2023-10-09T14:56:28+00:00","dateModified":"2024-05-15T16:24:53+00:00","description":"Actualizaci\u00f3n sobre el delito contra la vida silvestre en el Estrecho de Gibraltar, donde la tripulaci\u00f3n de una embarcaci\u00f3n recreativa ha atacado a la poblaci\u00f3n de orcas ib\u00e9ricas","breadcrumb":{"@id":"https:\/\/staging.wewhale.co\/es\/2023\/10\/09\/news-update-sobre-el-ataque-contra-la-orca-iberica\/#breadcrumb"},"inLanguage":"es","potentialAction":[{"@type":"ReadAction","target":["https:\/\/staging.wewhale.co\/es\/2023\/10\/09\/news-update-sobre-el-ataque-contra-la-orca-iberica\/"]}]},{"@type":"ImageObject","inLanguage":"es","@id":"https:\/\/staging.wewhale.co\/es\/2023\/10\/09\/news-update-sobre-el-ataque-contra-la-orca-iberica\/#primaryimage","url":"https:\/\/staging.wewhale.co\/wp-content\/uploads\/2023\/10\/IMG_8286.jpg","contentUrl":"https:\/\/staging.wewhale.co\/wp-content\/uploads\/2023\/10\/IMG_8286.jpg","width":2016,"height":1512,"caption":"Iberian orca"},{"@type":"BreadcrumbList","@id":"https:\/\/staging.wewhale.co\/es\/2023\/10\/09\/news-update-sobre-el-ataque-contra-la-orca-iberica\/#breadcrumb","itemListElement":[{"@type":"ListItem","position":1,"name":"Home","item":"https:\/\/staging.wewhale.co\/es\/wewhale-inicio\/"},{"@type":"ListItem","position":2,"name":"Actualizaci\u00f3n sobre el ataque contra la orca ib\u00e9rica en peligro cr\u00edtico de extinci\u00f3n"}]},{"@type":"WebSite","@id":"https:\/\/staging.wewhale.co\/es\/#website","url":"https:\/\/staging.wewhale.co\/es\/","name":"WeWhale","description":"","publisher":{"@id":"https:\/\/staging.wewhale.co\/es\/#organization"},"potentialAction":[{"@type":"SearchAction","target":{"@type":"EntryPoint","urlTemplate":"https:\/\/staging.wewhale.co\/es\/?s={search_term_string}"},"query-input":"required name=search_term_string"}],"inLanguage":"es"},{"@type":"Organization","@id":"https:\/\/staging.wewhale.co\/es\/#organization","name":"WeWhale","url":"https:\/\/staging.wewhale.co\/es\/","logo":{"@type":"ImageObject","inLanguage":"es","@id":"https:\/\/staging.wewhale.co\/es\/#\/schema\/logo\/image\/","url":"https:\/\/staging.wewhale.co\/wp-content\/uploads\/2022\/06\/wewhale_stamp_rgb.png","contentUrl":"https:\/\/staging.wewhale.co\/wp-content\/uploads\/2022\/06\/wewhale_stamp_rgb.png","width":1000,"height":1000,"caption":"WeWhale"},"image":{"@id":"https:\/\/staging.wewhale.co\/es\/#\/schema\/logo\/image\/"},"sameAs":["https:\/\/x.com\/WeWhaleCo"]},{"@type":"Person","@id":"https:\/\/staging.wewhale.co\/es\/#\/schema\/person\/bf6009465e28f4c628f35b602f0566bc","name":"Janek Andre","url":"https:\/\/staging.wewhale.co\/es\/author\/janek\/"}]}},"_links":{"self":[{"href":"https:\/\/staging.wewhale.co\/es\/wp-json\/wp\/v2\/posts\/111812","targetHints":{"allow":["GET"]}}],"collection":[{"href":"https:\/\/staging.wewhale.co\/es\/wp-json\/wp\/v2\/posts"}],"about":[{"href":"https:\/\/staging.wewhale.co\/es\/wp-json\/wp\/v2\/types\/post"}],"author":[{"embeddable":true,"href":"https:\/\/staging.wewhale.co\/es\/wp-json\/wp\/v2\/users\/2"}],"replies":[{"embeddable":true,"href":"https:\/\/staging.wewhale.co\/es\/wp-json\/wp\/v2\/comments?post=111812"}],"version-history":[{"count":2,"href":"https:\/\/staging.wewhale.co\/es\/wp-json\/wp\/v2\/posts\/111812\/revisions"}],"predecessor-version":[{"id":113968,"href":"https:\/\/staging.wewhale.co\/es\/wp-json\/wp\/v2\/posts\/111812\/revisions\/113968"}],"wp:featuredmedia":[{"embeddable":true,"href":"https:\/\/staging.wewhale.co\/es\/wp-json\/wp\/v2\/media\/111808"}],"wp:attachment":[{"href":"https:\/\/staging.wewhale.co\/es\/wp-json\/wp\/v2\/media?parent=111812"}],"wp:term":[{"taxonomy":"category","embeddable":true,"href":"https:\/\/staging.wewhale.co\/es\/wp-json\/wp\/v2\/categories?post=111812"},{"taxonomy":"post_tag","embeddable":true,"href":"https:\/\/staging.wewhale.co\/es\/wp-json\/wp\/v2\/tags?post=111812"}],"curies":[{"name":"wp","href":"https:\/\/api.w.org\/{rel}","templated":true}]}}