{"id":114855,"date":"2024-06-26T15:16:48","date_gmt":"2024-06-26T14:16:48","guid":{"rendered":"https:\/\/staging.wewhale.co\/2024\/06\/26\/el-episodio-16-de-the-wewhale-pod-patrick-dykstra\/"},"modified":"2024-06-26T15:56:35","modified_gmt":"2024-06-26T14:56:35","slug":"el-episodio-16-de-the-wewhale-pod-patrick-dykstra","status":"publish","type":"post","link":"https:\/\/staging.wewhale.co\/es\/2024\/06\/26\/el-episodio-16-de-the-wewhale-pod-patrick-dykstra\/","title":{"rendered":"El episodio 16 de The WeWhale Pod &#8211; Patrick Dykstra"},"content":{"rendered":"<p>Nuestro invitado para este episodio de The WeWhale Pod es Patrick Dykstra, cineasta de vida salvaje y presentador de televisi\u00f3n, que durante muchos a\u00f1os ha viajado por el mundo, buceando con ballenas y aprendiendo m\u00e1s sobre sus comportamientos.<\/p>\n<p>Nos cuenta c\u00f3mo ver una exhibici\u00f3n de una ballena azul en el Museo Smithsonian a los 16 a\u00f1os inspir\u00f3 su amor por las ballenas y el oc\u00e9ano. Y c\u00f3mo pas\u00f3 de ser abogado corporativo a convertirse en cineasta de vida salvaje y presentador de televisi\u00f3n.<\/p>\n<p>Patrick tambi\u00e9n habla sobre su trabajo como director de fotograf\u00eda en Blue Planet 2, \u00a1y c\u00f3mo casi fue golpeado por una ballena jorobada mientras filmaba! Y explica c\u00f3mo su pel\u00edcula, Patrick and the Whale, fue inspirada por un encuentro cercano con un cachalote en Dominica.<\/p>\n<p>Escucha el episodio a continuaci\u00f3n:<\/p>\n<p><script src=\"https:\/\/www.buzzsprout.com\/2070816\/15316288-episode-16-patrick-dykstra-wildlife-filmmaker-and-tv-presenter.js?container_id=buzzsprout-player-15316288&amp;player=small\" type=\"text\/javascript\" charset=\"utf-8\"><\/script><\/p>\n<p>Puedes conocer m\u00e1s sobre el trabajo de Patrick en <a href=\"https:\/\/www.instagram.com\/patrickdykstraofficial\/?hl=en\" target=\"_blank\" rel=\"noopener\">Instagram<\/a>.<\/p>\n<p>Gracias a <a href=\"https:\/\/www.instagram.com\/skalaa_music\/\" target=\"_blank\" rel=\"noopener\">Skalaa Music<\/a> por la postproducci\u00f3n.<\/p>\n","protected":false},"excerpt":{"rendered":"<p>Nuestro invitado para este episodio de The WeWhale Pod es Patrick Dykstra, cineasta de vida salvaje y presentador de televisi\u00f3n, [&hellip;]<\/p>\n","protected":false},"author":3,"featured_media":114846,"comment_status":"open","ping_status":"open","sticky":false,"template":"","format":"standard","meta":{"footnotes":""},"categories":[443],"tags":[173,210,395,1013,1243,1274,1275,1276],"class_list":["post-114855","post","type-post","status-publish","format-standard","has-post-thumbnail","hentry","category-the-wewhale-pod-es","tag-ballena","tag-ballenas-azules","tag-cachalote","tag-investigacion-ballenera","tag-ballena-jorobada","tag-patrick-dykstra-es","tag-patrick-y-la-ballena","tag-documental-sobre-ballenas"],"yoast_head":"<!-- This site is optimized with the Yoast SEO Premium plugin v23.2 (Yoast SEO v23.2) - https:\/\/yoast.com\/wordpress\/plugins\/seo\/ -->\n<title>El episodio 16 de The WeWhale Pod - Patrick Dykstra - WeWhale<\/title>\n<meta name=\"description\" content=\"Nuestro invitado para este episodio de The WeWhale Pod es Patrick Dykstra, cineasta de vida salvaje y presentador de televisi\u00f3n que, durante muchos a\u00f1os, ha filmado con ballenas.\" \/>\n<meta name=\"robots\" content=\"index, follow, max-snippet:-1, max-image-preview:large, max-video-preview:-1\" \/>\n<link rel=\"canonical\" href=\"https:\/\/staging.wewhale.co\/es\/2024\/06\/26\/el-episodio-16-de-the-wewhale-pod-patrick-dykstra\/\" \/>\n<meta property=\"og:locale\" content=\"es_ES\" \/>\n<meta property=\"og:type\" content=\"article\" \/>\n<meta property=\"og:title\" content=\"El episodio 16 de The WeWhale Pod - Patrick Dykstra\" \/>\n<meta property=\"og:description\" content=\"Nuestro invitado para este episodio de The WeWhale Pod es Patrick Dykstra, cineasta de vida salvaje y presentador de televisi\u00f3n que, durante muchos a\u00f1os, ha filmado con ballenas.\" \/>\n<meta property=\"og:url\" content=\"https:\/\/staging.wewhale.co\/es\/2024\/06\/26\/el-episodio-16-de-the-wewhale-pod-patrick-dykstra\/\" \/>\n<meta property=\"og:site_name\" content=\"WeWhale\" \/>\n<meta property=\"article:published_time\" content=\"2024-06-26T14:16:48+00:00\" \/>\n<meta property=\"article:modified_time\" content=\"2024-06-26T14:56:35+00:00\" \/>\n<meta property=\"og:image\" content=\"https:\/\/staging.wewhale.co\/wp-content\/uploads\/2024\/06\/Patrick-podcast-1024x512.png\" \/>\n\t<meta property=\"og:image:width\" content=\"1024\" \/>\n\t<meta property=\"og:image:height\" content=\"512\" \/>\n\t<meta property=\"og:image:type\" content=\"image\/png\" \/>\n<meta name=\"author\" content=\"Lisa Jewell\" \/>\n<meta name=\"twitter:card\" content=\"summary_large_image\" \/>\n<meta name=\"twitter:creator\" content=\"@WeWhaleCo\" \/>\n<meta name=\"twitter:site\" content=\"@WeWhaleCo\" \/>\n<meta name=\"twitter:label1\" content=\"Escrito por\" \/>\n\t<meta name=\"twitter:data1\" content=\"Lisa Jewell\" \/>\n\t<meta name=\"twitter:label2\" content=\"Tiempo de lectura\" \/>\n\t<meta name=\"twitter:data2\" content=\"1 minuto\" \/>\n<script type=\"application\/ld+json\" class=\"yoast-schema-graph\">{\"@context\":\"https:\/\/schema.org\",\"@graph\":[{\"@type\":\"Article\",\"@id\":\"https:\/\/staging.wewhale.co\/es\/2024\/06\/26\/el-episodio-16-de-the-wewhale-pod-patrick-dykstra\/#article\",\"isPartOf\":{\"@id\":\"https:\/\/staging.wewhale.co\/es\/2024\/06\/26\/el-episodio-16-de-the-wewhale-pod-patrick-dykstra\/\"},\"author\":{\"name\":\"Lisa Jewell\",\"@id\":\"https:\/\/staging.wewhale.co\/es\/#\/schema\/person\/daa564942b5d00d3578d50a261f9f319\"},\"headline\":\"El episodio 16 de The WeWhale Pod &#8211; Patrick Dykstra\",\"datePublished\":\"2024-06-26T14:16:48+00:00\",\"dateModified\":\"2024-06-26T14:56:35+00:00\",\"mainEntityOfPage\":{\"@id\":\"https:\/\/staging.wewhale.co\/es\/2024\/06\/26\/el-episodio-16-de-the-wewhale-pod-patrick-dykstra\/\"},\"wordCount\":174,\"commentCount\":0,\"publisher\":{\"@id\":\"https:\/\/staging.wewhale.co\/es\/#organization\"},\"image\":{\"@id\":\"https:\/\/staging.wewhale.co\/es\/2024\/06\/26\/el-episodio-16-de-the-wewhale-pod-patrick-dykstra\/#primaryimage\"},\"thumbnailUrl\":\"https:\/\/staging.wewhale.co\/wp-content\/uploads\/2024\/06\/Patrick-podcast.png\",\"keywords\":[\"ballena\",\"Ballenas azules\",\"cachalote\",\"investigaci\u00f3n ballenera\",\"Ballena jorobada\",\"Patrick Dykstra\",\"Patrick y la Ballena\",\"documental sobre ballenas\"],\"articleSection\":[\"The WeWhale Pod\"],\"inLanguage\":\"es\",\"potentialAction\":[{\"@type\":\"CommentAction\",\"name\":\"Comment\",\"target\":[\"https:\/\/staging.wewhale.co\/es\/2024\/06\/26\/el-episodio-16-de-the-wewhale-pod-patrick-dykstra\/#respond\"]}]},{\"@type\":\"WebPage\",\"@id\":\"https:\/\/staging.wewhale.co\/es\/2024\/06\/26\/el-episodio-16-de-the-wewhale-pod-patrick-dykstra\/\",\"url\":\"https:\/\/staging.wewhale.co\/es\/2024\/06\/26\/el-episodio-16-de-the-wewhale-pod-patrick-dykstra\/\",\"name\":\"El episodio 16 de The WeWhale Pod - Patrick Dykstra - WeWhale\",\"isPartOf\":{\"@id\":\"https:\/\/staging.wewhale.co\/es\/#website\"},\"primaryImageOfPage\":{\"@id\":\"https:\/\/staging.wewhale.co\/es\/2024\/06\/26\/el-episodio-16-de-the-wewhale-pod-patrick-dykstra\/#primaryimage\"},\"image\":{\"@id\":\"https:\/\/staging.wewhale.co\/es\/2024\/06\/26\/el-episodio-16-de-the-wewhale-pod-patrick-dykstra\/#primaryimage\"},\"thumbnailUrl\":\"https:\/\/staging.wewhale.co\/wp-content\/uploads\/2024\/06\/Patrick-podcast.png\",\"datePublished\":\"2024-06-26T14:16:48+00:00\",\"dateModified\":\"2024-06-26T14:56:35+00:00\",\"description\":\"Nuestro invitado para este episodio de The WeWhale Pod es Patrick Dykstra, cineasta de vida salvaje y presentador de televisi\u00f3n que, durante muchos a\u00f1os, ha filmado con ballenas.\",\"breadcrumb\":{\"@id\":\"https:\/\/staging.wewhale.co\/es\/2024\/06\/26\/el-episodio-16-de-the-wewhale-pod-patrick-dykstra\/#breadcrumb\"},\"inLanguage\":\"es\",\"potentialAction\":[{\"@type\":\"ReadAction\",\"target\":[\"https:\/\/staging.wewhale.co\/es\/2024\/06\/26\/el-episodio-16-de-the-wewhale-pod-patrick-dykstra\/\"]}]},{\"@type\":\"ImageObject\",\"inLanguage\":\"es\",\"@id\":\"https:\/\/staging.wewhale.co\/es\/2024\/06\/26\/el-episodio-16-de-the-wewhale-pod-patrick-dykstra\/#primaryimage\",\"url\":\"https:\/\/staging.wewhale.co\/wp-content\/uploads\/2024\/06\/Patrick-podcast.png\",\"contentUrl\":\"https:\/\/staging.wewhale.co\/wp-content\/uploads\/2024\/06\/Patrick-podcast.png\",\"width\":2000,\"height\":1000,\"caption\":\"Patrick Dykstra\"},{\"@type\":\"BreadcrumbList\",\"@id\":\"https:\/\/staging.wewhale.co\/es\/2024\/06\/26\/el-episodio-16-de-the-wewhale-pod-patrick-dykstra\/#breadcrumb\",\"itemListElement\":[{\"@type\":\"ListItem\",\"position\":1,\"name\":\"Home\",\"item\":\"https:\/\/staging.wewhale.co\/es\/wewhale-inicio\/\"},{\"@type\":\"ListItem\",\"position\":2,\"name\":\"El episodio 16 de The WeWhale Pod &#8211; Patrick Dykstra\"}]},{\"@type\":\"WebSite\",\"@id\":\"https:\/\/staging.wewhale.co\/es\/#website\",\"url\":\"https:\/\/staging.wewhale.co\/es\/\",\"name\":\"WeWhale\",\"description\":\"\",\"publisher\":{\"@id\":\"https:\/\/staging.wewhale.co\/es\/#organization\"},\"potentialAction\":[{\"@type\":\"SearchAction\",\"target\":{\"@type\":\"EntryPoint\",\"urlTemplate\":\"https:\/\/staging.wewhale.co\/es\/?s={search_term_string}\"},\"query-input\":\"required name=search_term_string\"}],\"inLanguage\":\"es\"},{\"@type\":\"Organization\",\"@id\":\"https:\/\/staging.wewhale.co\/es\/#organization\",\"name\":\"WeWhale\",\"url\":\"https:\/\/staging.wewhale.co\/es\/\",\"logo\":{\"@type\":\"ImageObject\",\"inLanguage\":\"es\",\"@id\":\"https:\/\/staging.wewhale.co\/es\/#\/schema\/logo\/image\/\",\"url\":\"https:\/\/staging.wewhale.co\/wp-content\/uploads\/2022\/06\/wewhale_stamp_rgb.png\",\"contentUrl\":\"https:\/\/staging.wewhale.co\/wp-content\/uploads\/2022\/06\/wewhale_stamp_rgb.png\",\"width\":1000,\"height\":1000,\"caption\":\"WeWhale\"},\"image\":{\"@id\":\"https:\/\/staging.wewhale.co\/es\/#\/schema\/logo\/image\/\"},\"sameAs\":[\"https:\/\/x.com\/WeWhaleCo\"]},{\"@type\":\"Person\",\"@id\":\"https:\/\/staging.wewhale.co\/es\/#\/schema\/person\/daa564942b5d00d3578d50a261f9f319\",\"name\":\"Lisa Jewell\",\"url\":\"https:\/\/staging.wewhale.co\/es\/author\/lisa\/\"}]}<\/script>\n<!-- \/ Yoast SEO Premium plugin. -->","yoast_head_json":{"title":"El episodio 16 de The WeWhale Pod - Patrick Dykstra - WeWhale","description":"Nuestro invitado para este episodio de The WeWhale Pod es Patrick Dykstra, cineasta de vida salvaje y presentador de televisi\u00f3n que, durante muchos a\u00f1os, ha filmado con ballenas.","robots":{"index":"index","follow":"follow","max-snippet":"max-snippet:-1","max-image-preview":"max-image-preview:large","max-video-preview":"max-video-preview:-1"},"canonical":"https:\/\/staging.wewhale.co\/es\/2024\/06\/26\/el-episodio-16-de-the-wewhale-pod-patrick-dykstra\/","og_locale":"es_ES","og_type":"article","og_title":"El episodio 16 de The WeWhale Pod - Patrick Dykstra","og_description":"Nuestro invitado para este episodio de The WeWhale Pod es Patrick Dykstra, cineasta de vida salvaje y presentador de televisi\u00f3n que, durante muchos a\u00f1os, ha filmado con ballenas.","og_url":"https:\/\/staging.wewhale.co\/es\/2024\/06\/26\/el-episodio-16-de-the-wewhale-pod-patrick-dykstra\/","og_site_name":"WeWhale","article_published_time":"2024-06-26T14:16:48+00:00","article_modified_time":"2024-06-26T14:56:35+00:00","og_image":[{"width":1024,"height":512,"url":"https:\/\/staging.wewhale.co\/wp-content\/uploads\/2024\/06\/Patrick-podcast-1024x512.png","type":"image\/png"}],"author":"Lisa Jewell","twitter_card":"summary_large_image","twitter_creator":"@WeWhaleCo","twitter_site":"@WeWhaleCo","twitter_misc":{"Escrito por":"Lisa Jewell","Tiempo de lectura":"1 minuto"},"schema":{"@context":"https:\/\/schema.org","@graph":[{"@type":"Article","@id":"https:\/\/staging.wewhale.co\/es\/2024\/06\/26\/el-episodio-16-de-the-wewhale-pod-patrick-dykstra\/#article","isPartOf":{"@id":"https:\/\/staging.wewhale.co\/es\/2024\/06\/26\/el-episodio-16-de-the-wewhale-pod-patrick-dykstra\/"},"author":{"name":"Lisa Jewell","@id":"https:\/\/staging.wewhale.co\/es\/#\/schema\/person\/daa564942b5d00d3578d50a261f9f319"},"headline":"El episodio 16 de The WeWhale Pod &#8211; Patrick Dykstra","datePublished":"2024-06-26T14:16:48+00:00","dateModified":"2024-06-26T14:56:35+00:00","mainEntityOfPage":{"@id":"https:\/\/staging.wewhale.co\/es\/2024\/06\/26\/el-episodio-16-de-the-wewhale-pod-patrick-dykstra\/"},"wordCount":174,"commentCount":0,"publisher":{"@id":"https:\/\/staging.wewhale.co\/es\/#organization"},"image":{"@id":"https:\/\/staging.wewhale.co\/es\/2024\/06\/26\/el-episodio-16-de-the-wewhale-pod-patrick-dykstra\/#primaryimage"},"thumbnailUrl":"https:\/\/staging.wewhale.co\/wp-content\/uploads\/2024\/06\/Patrick-podcast.png","keywords":["ballena","Ballenas azules","cachalote","investigaci\u00f3n ballenera","Ballena jorobada","Patrick Dykstra","Patrick y la Ballena","documental sobre ballenas"],"articleSection":["The WeWhale Pod"],"inLanguage":"es","potentialAction":[{"@type":"CommentAction","name":"Comment","target":["https:\/\/staging.wewhale.co\/es\/2024\/06\/26\/el-episodio-16-de-the-wewhale-pod-patrick-dykstra\/#respond"]}]},{"@type":"WebPage","@id":"https:\/\/staging.wewhale.co\/es\/2024\/06\/26\/el-episodio-16-de-the-wewhale-pod-patrick-dykstra\/","url":"https:\/\/staging.wewhale.co\/es\/2024\/06\/26\/el-episodio-16-de-the-wewhale-pod-patrick-dykstra\/","name":"El episodio 16 de The WeWhale Pod - Patrick Dykstra - WeWhale","isPartOf":{"@id":"https:\/\/staging.wewhale.co\/es\/#website"},"primaryImageOfPage":{"@id":"https:\/\/staging.wewhale.co\/es\/2024\/06\/26\/el-episodio-16-de-the-wewhale-pod-patrick-dykstra\/#primaryimage"},"image":{"@id":"https:\/\/staging.wewhale.co\/es\/2024\/06\/26\/el-episodio-16-de-the-wewhale-pod-patrick-dykstra\/#primaryimage"},"thumbnailUrl":"https:\/\/staging.wewhale.co\/wp-content\/uploads\/2024\/06\/Patrick-podcast.png","datePublished":"2024-06-26T14:16:48+00:00","dateModified":"2024-06-26T14:56:35+00:00","description":"Nuestro invitado para este episodio de The WeWhale Pod es Patrick Dykstra, cineasta de vida salvaje y presentador de televisi\u00f3n que, durante muchos a\u00f1os, ha filmado con ballenas.","breadcrumb":{"@id":"https:\/\/staging.wewhale.co\/es\/2024\/06\/26\/el-episodio-16-de-the-wewhale-pod-patrick-dykstra\/#breadcrumb"},"inLanguage":"es","potentialAction":[{"@type":"ReadAction","target":["https:\/\/staging.wewhale.co\/es\/2024\/06\/26\/el-episodio-16-de-the-wewhale-pod-patrick-dykstra\/"]}]},{"@type":"ImageObject","inLanguage":"es","@id":"https:\/\/staging.wewhale.co\/es\/2024\/06\/26\/el-episodio-16-de-the-wewhale-pod-patrick-dykstra\/#primaryimage","url":"https:\/\/staging.wewhale.co\/wp-content\/uploads\/2024\/06\/Patrick-podcast.png","contentUrl":"https:\/\/staging.wewhale.co\/wp-content\/uploads\/2024\/06\/Patrick-podcast.png","width":2000,"height":1000,"caption":"Patrick Dykstra"},{"@type":"BreadcrumbList","@id":"https:\/\/staging.wewhale.co\/es\/2024\/06\/26\/el-episodio-16-de-the-wewhale-pod-patrick-dykstra\/#breadcrumb","itemListElement":[{"@type":"ListItem","position":1,"name":"Home","item":"https:\/\/staging.wewhale.co\/es\/wewhale-inicio\/"},{"@type":"ListItem","position":2,"name":"El episodio 16 de The WeWhale Pod &#8211; Patrick Dykstra"}]},{"@type":"WebSite","@id":"https:\/\/staging.wewhale.co\/es\/#website","url":"https:\/\/staging.wewhale.co\/es\/","name":"WeWhale","description":"","publisher":{"@id":"https:\/\/staging.wewhale.co\/es\/#organization"},"potentialAction":[{"@type":"SearchAction","target":{"@type":"EntryPoint","urlTemplate":"https:\/\/staging.wewhale.co\/es\/?s={search_term_string}"},"query-input":"required name=search_term_string"}],"inLanguage":"es"},{"@type":"Organization","@id":"https:\/\/staging.wewhale.co\/es\/#organization","name":"WeWhale","url":"https:\/\/staging.wewhale.co\/es\/","logo":{"@type":"ImageObject","inLanguage":"es","@id":"https:\/\/staging.wewhale.co\/es\/#\/schema\/logo\/image\/","url":"https:\/\/staging.wewhale.co\/wp-content\/uploads\/2022\/06\/wewhale_stamp_rgb.png","contentUrl":"https:\/\/staging.wewhale.co\/wp-content\/uploads\/2022\/06\/wewhale_stamp_rgb.png","width":1000,"height":1000,"caption":"WeWhale"},"image":{"@id":"https:\/\/staging.wewhale.co\/es\/#\/schema\/logo\/image\/"},"sameAs":["https:\/\/x.com\/WeWhaleCo"]},{"@type":"Person","@id":"https:\/\/staging.wewhale.co\/es\/#\/schema\/person\/daa564942b5d00d3578d50a261f9f319","name":"Lisa Jewell","url":"https:\/\/staging.wewhale.co\/es\/author\/lisa\/"}]}},"_links":{"self":[{"href":"https:\/\/staging.wewhale.co\/es\/wp-json\/wp\/v2\/posts\/114855","targetHints":{"allow":["GET"]}}],"collection":[{"href":"https:\/\/staging.wewhale.co\/es\/wp-json\/wp\/v2\/posts"}],"about":[{"href":"https:\/\/staging.wewhale.co\/es\/wp-json\/wp\/v2\/types\/post"}],"author":[{"embeddable":true,"href":"https:\/\/staging.wewhale.co\/es\/wp-json\/wp\/v2\/users\/3"}],"replies":[{"embeddable":true,"href":"https:\/\/staging.wewhale.co\/es\/wp-json\/wp\/v2\/comments?post=114855"}],"version-history":[{"count":1,"href":"https:\/\/staging.wewhale.co\/es\/wp-json\/wp\/v2\/posts\/114855\/revisions"}],"predecessor-version":[{"id":114857,"href":"https:\/\/staging.wewhale.co\/es\/wp-json\/wp\/v2\/posts\/114855\/revisions\/114857"}],"wp:featuredmedia":[{"embeddable":true,"href":"https:\/\/staging.wewhale.co\/es\/wp-json\/wp\/v2\/media\/114846"}],"wp:attachment":[{"href":"https:\/\/staging.wewhale.co\/es\/wp-json\/wp\/v2\/media?parent=114855"}],"wp:term":[{"taxonomy":"category","embeddable":true,"href":"https:\/\/staging.wewhale.co\/es\/wp-json\/wp\/v2\/categories?post=114855"},{"taxonomy":"post_tag","embeddable":true,"href":"https:\/\/staging.wewhale.co\/es\/wp-json\/wp\/v2\/tags?post=114855"}],"curies":[{"name":"wp","href":"https:\/\/api.w.org\/{rel}","templated":true}]}}