{"id":115992,"date":"2024-10-22T10:21:16","date_gmt":"2024-10-22T09:21:16","guid":{"rendered":"https:\/\/staging.wewhale.co\/2024\/10\/22\/hay-mas-de-una-especie-de-orca-en-la-costa-del-pacifico\/"},"modified":"2024-10-22T16:05:13","modified_gmt":"2024-10-22T15:05:13","slug":"hay-mas-de-una-especie-de-orca-en-la-costa-del-pacifico","status":"publish","type":"post","link":"https:\/\/staging.wewhale.co\/es\/2024\/10\/22\/hay-mas-de-una-especie-de-orca-en-la-costa-del-pacifico\/","title":{"rendered":"\u00bfHay m\u00e1s de una especie de orca en la costa del Pac\u00edfico?"},"content":{"rendered":"<div class=\"wpb-content-wrapper\"><p>[vc_row][vc_column width=&#8221;1\/1&#8243;][vc_column_text uncode_shortcode_id=&#8221;975497&#8243;]<span class=\"TextRun SCXW35256023 BCX0\" lang=\"EN-US\" xml:lang=\"EN-US\" data-contrast=\"auto\"><span class=\"NormalTextRun SCXW35256023 BCX0\">Recientes investigaciones han arrojado nueva luz sobre<\/span> <span class=\"NormalTextRun SCXW35256023 BCX0\">la diversidad gen\u00e9tica y de <\/span><span class=\"SpellingError SCXW35256023 BCX0\">comportamie<\/span><span class=\"SpellingError SCXW35256023 BCX0\">n<\/span><span class=\"SpellingError SCXW35256023 BCX0\">to <\/span><span class=\"NormalTextRun SCXW35256023 BCX0\">de las orcas a <\/span><span class=\"NormalTextRun SCXW35256023 BCX0\"> lo largo de la costa del Pac\u00edfico en Am\u00e9rica del Norte. En particular, las orcas \u201c<\/span><span class=\"NormalTextRun SCXW35256023 BCX0\">R<\/span><span class=\"NormalTextRun SCXW35256023 BCX0\">esidentes\u201d y las orcas de \u201cBigg\u201d (nombradas as\u00ed en honor al cient\u00edfico canadiense<\/span> <span class=\"NormalTextRun SCXW35256023 BCX0\">Michael <\/span><span class=\"NormalTextRun SCXW35256023 BCX0\">Bigg, tambi\u00e9n llamadas a veces<\/span> <span class=\"NormalTextRun SCXW35256023 BCX0\">\u201cT<\/span>r<span class=\"NormalTextRun SCXW35256023 BCX0\">ansitorias\u201d), que antes se consideraban ecotipos distintos dentro de la misma especie, pronto podr\u00edan ser recono<\/span><span class=\"NormalTextRun SCXW35256023 BCX0\">c<\/span><span class=\"NormalTextRun SCXW35256023 BCX0\">idas como subespecies o incluso especies separadas.<\/span> <\/span><span class=\"LineBreakBlob BlobObject DragDrop SCXW35256023 BCX0\"> <br class=\"SCXW35256023 BCX0\" \/><\/span><span class=\"LineBreakBlob BlobObject DragDrop SCXW35256023 BCX0\"> <br class=\"SCXW35256023 BCX0\" \/><\/span><span class=\"TextRun SCXW35256023 BCX0\" lang=\"EN-US\" xml:lang=\"EN-US\" data-contrast=\"auto\"><span class=\"NormalTextRun SCXW35256023 BCX0\">Estos hallazgos provienen de las investigaciones de<\/span> <span class=\"NormalTextRun SCXW35256023 BCX0\">Phillip Morin y su equipo,<\/span> <span class=\"NormalTextRun SCXW35256023 BCX0\">quienes <\/span><span class=\"NormalTextRun SCXW35256023 BCX0\">analizaro<\/span><span class=\"NormalTextRun SCXW35256023 BCX0\">n<\/span> <span class=\"NormalTextRun SCXW35256023 BCX0\">las diferencias gen\u00e9ticas y las tendencias evolutivas de milenios, distinguiend<\/span><span class=\"NormalTextRun SCXW35256023 BCX0\">o<\/span><span class=\"NormalTextRun SCXW35256023 BCX0\"> a los dos grupos por su comportamie<\/span><span class=\"NormalTextRun SCXW35256023 BCX0\">n<\/span><span class=\"NormalTextRun SCXW35256023 BCX0\">to, dieta<\/span> <span class=\"NormalTextRun SCXW35256023 BCX0\">y<\/span> <span class=\"NormalTextRun SCXW35256023 BCX0\">estructuras sociales.<\/span><\/span> [\/vc_column_text][vc_custom_heading uncode_shortcode_id=&#8221;731864&#8243;]<span class=\"TextRun MacChromeBold SCXW138257935 BCX0\" lang=\"EN-US\" xml:lang=\"EN-US\" data-contrast=\"auto\"><span class=\"NormalTextRun SCXW138257935 BCX0\">Diferencias en comportamien<\/span><span class=\"NormalTextRun SCXW138257935 BCX0\">t<\/span><span class=\"NormalTextRun SCXW138257935 BCX0\">o, gen\u00e9tica<\/span><span class=\"NormalTextRun SCXW138257935 BCX0\"> y<\/span> <span class=\"NormalTextRun SCXW138257935 BCX0\">ecolog\u00eda<\/span><\/span> [\/vc_custom_heading][vc_column_text uncode_shortcode_id=&#8221;204680&#8243;]<span data-contrast=\"auto\">Ya en la d\u00e9cada de 1970, Michael Bigg observ\u00f3 que, aunque las orcas Residentes y Transitorias a menudo habitaban las mismas aguas costeras, no se cruzaban ni interactuaban entre s\u00ed. Estos descubrimientos llevaron a que las orcas Residentes del Sur fueran clasificadas como un segmento de poblaci\u00f3n distinto, lo que les otorg\u00f3 protecci\u00f3n bajo la Ley de Especies en Peligro en 2005. <\/span><\/p>\n<p><span data-contrast=\"auto\">Investigaciones recientes sobre gen\u00e9tica, caracter\u00edsticas f\u00edsicas y comportamiento, patrocinadas por NOAA y otras instituciones, ahora confirman que los dos ecotipos pueden, de hecho, ser especies diferentes.<\/span><\/p>\n<p><span data-contrast=\"auto\">Las orcas Residentes se caracterizan por su preferencia por los peces, especialmente el salm\u00f3n, y su estructura social distintiva. Estos animales viven en grupos familiares cercanos y estables, conocidos como &#8220;pods&#8221;, y frecuentemente interact\u00faan entre s\u00ed. <\/span> [\/vc_column_text][vc_single_image media=&#8221;115983&#8243; media_width_percent=&#8221;100&#8243; uncode_shortcode_id=&#8221;146222&#8243;][vc_column_text uncode_shortcode_id=&#8221;748082&#8243;]<em>Source: Morin et al. (2024), showing a top view on Bigg\u2019s Orcas (left) and Resident Orcas (right)<\/em>[\/vc_column_text][vc_column_text uncode_shortcode_id=&#8221;155119&#8243;]<span data-contrast=\"auto\">Su comportamiento comunicativo, que incluye chillidos, llamados y silbidos, tambi\u00e9n es muy pronunciado. En contraste, las orcas de &#8220;Bigg&#8221; se especializan en cazar mam\u00edferos marinos, como focas y ballenas m\u00e1s peque\u00f1as. Este grupo caza en grupos m\u00e1s peque\u00f1os y flexibles para atrapar a sus presas de manera m\u00e1s eficiente, y principalmente utilizan comunicaci\u00f3n no verbal para evitar atraer la atenci\u00f3n de sus presas.<\/span><\/p>\n<p><span data-contrast=\"auto\">Estas diferencias en el comportamiento de caza y la estructura social no son solo adaptaciones superficiales, sino que est\u00e1n profundamente arraigadas en el ADN de los dos grupos. Los an\u00e1lisis gen\u00e9ticos han demostrado que estos ecotipos han evolucionado por separado durante m\u00e1s de 300.000 a\u00f1os, lo que indica diferencias evolutivas significativas. <\/span><\/p>\n<p><span data-contrast=\"auto\">Sin embargo, durante mucho tiempo, solo se les consideraba ecotipos diferentes o subespecies no nombradas de Orcinus orca. En su trabajo, Phillip Morin y su equipo concluyeron ahora que los dos grupos deber\u00edan ser considerados especies separadas en el futuro.<\/span><\/p>\n<p><span data-contrast=\"auto\">De acuerdo con esta propuesta, el comit\u00e9 de taxonom\u00eda de la Sociedad de Mam\u00edferos Marinos incluy\u00f3 estos \u00faltimos hallazgos en su <a href=\"https:\/\/marinemammalscience.org\/smm-news\/taxonomy-committee-2024-annual-review\/\">informe anual<\/a> a principios de septiembre de 2024 y declar\u00f3 que, aunque a\u00fan no consideran a los grupos de orcas Residentes y Transitorias de la costa del Pac\u00edfico como especies independientes, de todas formas las nominan para el estatus de subespecie de Orcinus orca:<\/span><\/p>\n<p><span data-contrast=\"auto\">\u201cEl Comit\u00e9 de Taxonom\u00eda complet\u00f3 su revisi\u00f3n anual de la lista oficial de la Sociedad de Mam\u00edferos Marinos de especies y subespecies de mam\u00edferos marinos para 2024. [\u2026] La lista actualizada tambi\u00e9n incluye la adici\u00f3n de tres subespecies de orcas:<\/span><i><span data-contrast=\"auto\">Orcinus orca ater<\/span><\/i><span data-contrast=\"auto\"> (orca residente) y<\/span><i><span data-contrast=\"auto\">O. orca rectipinnus<\/span><\/i><span data-contrast=\"auto\">(orca de Bigg), con<\/span> <i><span data-contrast=\"auto\">O. orca orca<\/span><\/i> <span data-contrast=\"auto\">(orca com\u00fan) como la subespecie nominada. Las orcas Residentes y de Bigg ya hab\u00edan sido reconocidas anteriormente como subespecies sin nombre, y estaban listadas en versiones previas de la lista [\u2026].\u201d (Sociedad de Mam\u00edferos Marinos, 9 de septiembre de 2024)<\/span> [\/vc_column_text][vc_custom_heading uncode_shortcode_id=&#8221;419983&#8243;]<span class=\"TextRun MacChromeBold SCXW67466375 BCX0\" lang=\"EN-US\" xml:lang=\"EN-US\" data-contrast=\"auto\"><span class=\"NormalTextRun SCXW67466375 BCX0\">Controversias cient\u00edficas y el futuro de<\/span> <span class=\"NormalTextRun SCXW67466375 BCX0\">la investigaci\u00f3n sobre especies<\/span> <span class=\"NormalTextRun SCXW67466375 BCX0\">de orcas<\/span><\/span> [\/vc_custom_heading][vc_column_text uncode_shortcode_id=&#8221;150609&#8243;]<span data-contrast=\"auto\">A pesar de las grandes diferencias gen\u00e9ticas, la comunidad cient\u00edfica a\u00fan se muestra reacia a clasificar a las orcas como especies separadas. El informe anual del Comit\u00e9 de Taxonom\u00eda de la Sociedad de Mam\u00edferos Marinos (2024) enfatiz\u00f3 que la taxonom\u00eda de las orcas sigue siendo un tema de intensa investigaci\u00f3n:<\/span><\/p>\n<p><span data-contrast=\"auto\">\u201cAunque Morin et al. (2024) propusieron su reconocimiento como especies distintas de orcas, tal propuesta no fue seguida por el Comit\u00e9 de Taxonom\u00eda porque hubo preocupaciones sobre si esto representa una designaci\u00f3n a nivel de especie o subespecie. Las razones se debieron principalmente a (1) un posible flujo gen\u00e9tico epis\u00f3dico entre los ecotipos, y (2) la necesidad de llevar a cabo un an\u00e1lisis comparativo m\u00e1s completo a nivel global para entender mejor cu\u00e1n distintos son estos ecotipos de otros clados de Orcinus orca. <\/span><\/p>\n<p><span data-contrast=\"auto\">\u201cPor lo tanto, a la espera de una mayor investigaci\u00f3n para evaluar mejor la taxonom\u00eda de las orcas asesinas del noreste del Pac\u00edfico, los dos ecotipos se consideran provisionalmente subespecies distintas de Orcinus orca, y se les nombr\u00f3 de acuerdo con Morin et al. (2024).\u201d (Sociedad de Mam\u00edferos Marinos, 9 de septiembre de 2024)<\/span><\/p>\n<p><span data-contrast=\"auto\">Se est\u00e1n llevando a cabo esfuerzos para adaptar la clasificaci\u00f3n tan pronto como haya suficiente evidencia para distinguir claramente las especies. A\u00fan as\u00ed, estos desarrollos sugieren que existen otros ecotipos no descubiertos en diferentes oc\u00e9anos, los cuales podr\u00edan clasificarse como subespecies separadas y, en el mejor de los casos, como especies separadas. Esto, a su vez, contribuir\u00eda significativamente a la preservaci\u00f3n de la biodiversidad en los oc\u00e9anos.<\/span> [\/vc_column_text][vc_single_image media=&#8221;115980&#8243; media_width_percent=&#8221;100&#8243; uncode_shortcode_id=&#8221;243046&#8243;][vc_column_text uncode_shortcode_id=&#8221;168618&#8243;]<em><span class=\"TextRun SCXW93199229 BCX0\" lang=\"EN-US\" xml:lang=\"EN-US\" data-contrast=\"auto\"><span class=\"NormalTextRun SCXW93199229 BCX0\">Source: NOAA Fisheries, Credit: Merlin Smith<\/span><\/span> <\/em>[\/vc_column_text][vc_custom_heading uncode_shortcode_id=&#8221;196166&#8243;]<span class=\"TextRun MacChromeBold SCXW186524350 BCX0\" lang=\"EN-US\" xml:lang=\"EN-US\" data-contrast=\"auto\"><span class=\"NormalTextRun SCXW186524350 BCX0\">Importancia para la conservaci\u00f3n de especies<\/span><\/span> [\/vc_custom_heading][vc_column_text uncode_shortcode_id=&#8221;128671&#8243;]<span class=\"TextRun SCXW250840481 BCX0\" lang=\"EN-US\" xml:lang=\"EN-US\" data-contrast=\"auto\"><span class=\"NormalTextRun SCXW250840481 BCX0\">La<\/span> <span class=\"NormalTextRun SCXW250840481 BCX0\">distinci\u00f3n formal de especies<\/span> <span class=\"NormalTextRun SCXW250840481 BCX0\">entre los ecotipos de orcas tiene consecuencias de gran alcance para la conservaci\u00f3n de la naturaleza. Cada grupo juega un papel \u00fanico en su ecosistema: mientras las <\/span><span class=\"NormalTextRun SCXW250840481 BCX0\">orcas R<\/span><span class=\"NormalTextRun SCXW250840481 BCX0\">esidentes ayudan<\/span> <span class=\"NormalTextRun SCXW250840481 BCX0\">a regular las poblaciones de peces, las orcas de Bigg contribuyen al control de las <\/span><span class=\"NormalTextRun SCXW250840481 BCX0\">poblaciones de mam\u00edferos marinos.<\/span> <\/span><span class=\"LineBreakBlob BlobObject DragDrop SCXW250840481 BCX0\"> <br class=\"SCXW250840481 BCX0\" \/><\/span><span class=\"LineBreakBlob BlobObject DragDrop SCXW250840481 BCX0\"> <br class=\"SCXW250840481 BCX0\" \/><\/span><span class=\"TextRun SCXW250840481 BCX0\" lang=\"EN-US\" xml:lang=\"EN-US\" data-contrast=\"auto\"><span class=\"NormalTextRun SCXW250840481 BCX0\">a sobrepesca y la p\u00e9rdida de h\u00e1bitat son una amenaza particular para las <\/span><span class=\"NormalTextRun SCXW250840481 BCX0\">o<\/span><span class=\"NormalTextRun SCXW250840481 BCX0\">rcas<\/span> <span class=\"NormalTextRun SCXW250840481 BCX0\">Residentes,<\/span><span class=\"NormalTextRun SCXW250840481 BCX0\">que dependen de poblaciones estables de salm\u00f3n en el Pac\u00edfico. En otras partes, como en Espa\u00f1a, <\/span><span class=\"NormalTextRun SCXW250840481 BCX0\">las orcas R<\/span><span class=\"NormalTextRun SCXW250840481 BCX0\">esidentes<\/span><span class=\"NormalTextRun SCXW250840481 BCX0\"> d<\/span><span class=\"NormalTextRun SCXW250840481 BCX0\">epend<\/span><span class=\"NormalTextRun SCXW250840481 BCX0\">en<\/span><span class=\"NormalTextRun SCXW250840481 BCX0\"> de las poblaciones de at\u00fan. Reconocer a estos grupos, tal vez incluso como especies separadas, podr\u00eda llevar a medidas de conservaci\u00f3n m\u00e1s espec\u00edficas, adaptadas a las necesidades de cada grupo.<\/span><\/span> [\/vc_column_text][vc_custom_heading uncode_shortcode_id=&#8221;196857&#8243;]<span class=\"TextRun MacChromeBold SCXW33692982 BCX0\" lang=\"EN-US\" xml:lang=\"EN-US\" data-contrast=\"auto\"><span class=\"NormalTextRun SCXW33692982 BCX0\">Conclusi\u00f3n<\/span><\/span> [\/vc_custom_heading][vc_column_text uncode_shortcode_id=&#8221;747294&#8243;]<span data-contrast=\"auto\">Darse cuenta de que las orcas &#8220;Residentes&#8221; y de &#8220;Bigg&#8221; pueden considerarse subespecies o especies distintas representa un avance significativo en la biolog\u00eda marina y la conservaci\u00f3n La diferenciaci\u00f3n destaca la incre\u00edble diversidad dentro de las orcas y subraya la urgencia de mejorar su protecci\u00f3n. <\/span><\/p>\n<p><span data-contrast=\"auto\">Adem\u00e1s de las orcas de la costa del Pac\u00edfico, este tipo de investigaci\u00f3n tambi\u00e9n podr\u00eda aplicarse a las orcas ib\u00e9ricas que viven en el Atl\u00e1ntico. Al igual que las Residentes del Pac\u00edfico, las orcas ib\u00e9ricas tambi\u00e9n muestran un comportamiento social y de caza especializado y comunicativo. <\/span><\/p>\n<p><span data-contrast=\"auto\">Si los futuros estudios gen\u00e9ticos revelan una diferenciaci\u00f3n similar con respecto a otros grupos de orcas en el Atl\u00e1ntico, podr\u00eda llevar a una reevaluaci\u00f3n del estado de conservaci\u00f3n de las orcas ib\u00e9ricas, algo que los 35 individuos restantes necesitan con urgencia. Hasta entonces, es fundamental proteger los h\u00e1bitats y las fuentes de alimento de estos mam\u00edferos marinos tan \u00fanicos.<\/span> [\/vc_column_text][\/vc_column][\/vc_row]<\/p>\n<\/div>","protected":false},"excerpt":{"rendered":"<p>[vc_row][vc_column width=&#8221;1\/1&#8243;][vc_column_text uncode_shortcode_id=&#8221;975497&#8243;]Recientes investigaciones han arrojado nueva luz sobre la diversidad gen\u00e9tica y de comportamiento de las orcas a lo [&hellip;]<\/p>\n","protected":false},"author":6,"featured_media":115976,"comment_status":"open","ping_status":"open","sticky":false,"template":"","format":"standard","meta":{"footnotes":""},"categories":[172],"tags":[177,1375,1376,1377,1378,1379,1380,61,68,69,105],"class_list":["post-115992","post","type-post","status-publish","format-standard","has-post-thumbnail","hentry","category-el-maravilloso-mundo-de-las-ballenas","tag-el-maravilloso-mundo-de-las-ballenas","tag-pacific-orca-es","tag-resident-orca-es","tag-transient-orca-es","tag-biggs-es","tag-michael-bigg-es","tag-orca-population-es","tag-orcas-es","tag-orca-es","tag-killer-whales-es","tag-habitat-es"],"yoast_head":"<!-- This site is optimized with the Yoast SEO Premium plugin v23.2 (Yoast SEO v23.2) - https:\/\/yoast.com\/wordpress\/plugins\/seo\/ -->\n<title>\u00bfHay m\u00e1s de una especie de orca en la costa del Pac\u00edfico? - WeWhale<\/title>\n<meta name=\"description\" content=\"Recientes investigaciones han arrojado nueva luz sobre la diversidad gen\u00e9tica y de comportamiento de las orcas a lo largo de la costa del Pac\u00edfico en Am\u00e9rica del Norte.\" \/>\n<meta name=\"robots\" content=\"index, follow, max-snippet:-1, max-image-preview:large, max-video-preview:-1\" \/>\n<link rel=\"canonical\" href=\"https:\/\/staging.wewhale.co\/es\/2024\/10\/22\/hay-mas-de-una-especie-de-orca-en-la-costa-del-pacifico\/\" \/>\n<meta property=\"og:locale\" content=\"es_ES\" \/>\n<meta property=\"og:type\" content=\"article\" \/>\n<meta property=\"og:title\" content=\"\u00bfHay m\u00e1s de una especie de orca en la costa del Pac\u00edfico?\" \/>\n<meta property=\"og:description\" content=\"Recientes investigaciones han arrojado nueva luz sobre la diversidad gen\u00e9tica y de comportamiento de las orcas a lo largo de la costa del Pac\u00edfico en Am\u00e9rica del Norte.\" \/>\n<meta property=\"og:url\" content=\"https:\/\/staging.wewhale.co\/es\/2024\/10\/22\/hay-mas-de-una-especie-de-orca-en-la-costa-del-pacifico\/\" \/>\n<meta property=\"og:site_name\" content=\"WeWhale\" \/>\n<meta property=\"article:published_time\" content=\"2024-10-22T09:21:16+00:00\" \/>\n<meta property=\"article:modified_time\" content=\"2024-10-22T15:05:13+00:00\" \/>\n<meta property=\"og:image\" content=\"https:\/\/staging.wewhale.co\/wp-content\/uploads\/2024\/10\/orca-unsplash-picture-1024x512.png\" \/>\n\t<meta property=\"og:image:width\" content=\"1024\" \/>\n\t<meta property=\"og:image:height\" content=\"512\" \/>\n\t<meta property=\"og:image:type\" content=\"image\/png\" \/>\n<meta name=\"author\" content=\"Franziska Sch\u00f6nweitz\" \/>\n<meta name=\"twitter:card\" content=\"summary_large_image\" \/>\n<meta name=\"twitter:creator\" content=\"@WeWhaleCo\" \/>\n<meta name=\"twitter:site\" content=\"@WeWhaleCo\" \/>\n<meta name=\"twitter:label1\" content=\"Escrito por\" \/>\n\t<meta name=\"twitter:data1\" content=\"Franziska Sch\u00f6nweitz\" \/>\n\t<meta name=\"twitter:label2\" content=\"Tiempo de lectura\" \/>\n\t<meta name=\"twitter:data2\" content=\"6 minutos\" \/>\n<script type=\"application\/ld+json\" class=\"yoast-schema-graph\">{\"@context\":\"https:\/\/schema.org\",\"@graph\":[{\"@type\":\"Article\",\"@id\":\"https:\/\/staging.wewhale.co\/es\/2024\/10\/22\/hay-mas-de-una-especie-de-orca-en-la-costa-del-pacifico\/#article\",\"isPartOf\":{\"@id\":\"https:\/\/staging.wewhale.co\/es\/2024\/10\/22\/hay-mas-de-una-especie-de-orca-en-la-costa-del-pacifico\/\"},\"author\":{\"name\":\"Franziska Sch\u00f6nweitz\",\"@id\":\"https:\/\/staging.wewhale.co\/es\/#\/schema\/person\/a5ed486041cd9a7c3224f77e5e76a3a2\"},\"headline\":\"\u00bfHay m\u00e1s de una especie de orca en la costa del Pac\u00edfico?\",\"datePublished\":\"2024-10-22T09:21:16+00:00\",\"dateModified\":\"2024-10-22T15:05:13+00:00\",\"mainEntityOfPage\":{\"@id\":\"https:\/\/staging.wewhale.co\/es\/2024\/10\/22\/hay-mas-de-una-especie-de-orca-en-la-costa-del-pacifico\/\"},\"wordCount\":1380,\"commentCount\":0,\"publisher\":{\"@id\":\"https:\/\/staging.wewhale.co\/es\/#organization\"},\"image\":{\"@id\":\"https:\/\/staging.wewhale.co\/es\/2024\/10\/22\/hay-mas-de-una-especie-de-orca-en-la-costa-del-pacifico\/#primaryimage\"},\"thumbnailUrl\":\"https:\/\/staging.wewhale.co\/wp-content\/uploads\/2024\/10\/orca-unsplash-picture.png\",\"keywords\":[\"el maravilloso mundo de las ballenas\",\"pacific orca\",\"resident orca\",\"transient orca\",\"biggs\",\"michael bigg\",\"orca population\",\"orcas\",\"orca\",\"killer whales\",\"habitat\"],\"articleSection\":[\"El maravilloso mundo de las ballenas\"],\"inLanguage\":\"es\",\"potentialAction\":[{\"@type\":\"CommentAction\",\"name\":\"Comment\",\"target\":[\"https:\/\/staging.wewhale.co\/es\/2024\/10\/22\/hay-mas-de-una-especie-de-orca-en-la-costa-del-pacifico\/#respond\"]}]},{\"@type\":\"WebPage\",\"@id\":\"https:\/\/staging.wewhale.co\/es\/2024\/10\/22\/hay-mas-de-una-especie-de-orca-en-la-costa-del-pacifico\/\",\"url\":\"https:\/\/staging.wewhale.co\/es\/2024\/10\/22\/hay-mas-de-una-especie-de-orca-en-la-costa-del-pacifico\/\",\"name\":\"\u00bfHay m\u00e1s de una especie de orca en la costa del Pac\u00edfico? - WeWhale\",\"isPartOf\":{\"@id\":\"https:\/\/staging.wewhale.co\/es\/#website\"},\"primaryImageOfPage\":{\"@id\":\"https:\/\/staging.wewhale.co\/es\/2024\/10\/22\/hay-mas-de-una-especie-de-orca-en-la-costa-del-pacifico\/#primaryimage\"},\"image\":{\"@id\":\"https:\/\/staging.wewhale.co\/es\/2024\/10\/22\/hay-mas-de-una-especie-de-orca-en-la-costa-del-pacifico\/#primaryimage\"},\"thumbnailUrl\":\"https:\/\/staging.wewhale.co\/wp-content\/uploads\/2024\/10\/orca-unsplash-picture.png\",\"datePublished\":\"2024-10-22T09:21:16+00:00\",\"dateModified\":\"2024-10-22T15:05:13+00:00\",\"description\":\"Recientes investigaciones han arrojado nueva luz sobre la diversidad gen\u00e9tica y de comportamiento de las orcas a lo largo de la costa del Pac\u00edfico en Am\u00e9rica del Norte.\",\"breadcrumb\":{\"@id\":\"https:\/\/staging.wewhale.co\/es\/2024\/10\/22\/hay-mas-de-una-especie-de-orca-en-la-costa-del-pacifico\/#breadcrumb\"},\"inLanguage\":\"es\",\"potentialAction\":[{\"@type\":\"ReadAction\",\"target\":[\"https:\/\/staging.wewhale.co\/es\/2024\/10\/22\/hay-mas-de-una-especie-de-orca-en-la-costa-del-pacifico\/\"]}]},{\"@type\":\"ImageObject\",\"inLanguage\":\"es\",\"@id\":\"https:\/\/staging.wewhale.co\/es\/2024\/10\/22\/hay-mas-de-una-especie-de-orca-en-la-costa-del-pacifico\/#primaryimage\",\"url\":\"https:\/\/staging.wewhale.co\/wp-content\/uploads\/2024\/10\/orca-unsplash-picture.png\",\"contentUrl\":\"https:\/\/staging.wewhale.co\/wp-content\/uploads\/2024\/10\/orca-unsplash-picture.png\",\"width\":2000,\"height\":1000,\"caption\":\"orca on the Pacific coast\"},{\"@type\":\"BreadcrumbList\",\"@id\":\"https:\/\/staging.wewhale.co\/es\/2024\/10\/22\/hay-mas-de-una-especie-de-orca-en-la-costa-del-pacifico\/#breadcrumb\",\"itemListElement\":[{\"@type\":\"ListItem\",\"position\":1,\"name\":\"Home\",\"item\":\"https:\/\/staging.wewhale.co\/es\/wewhale-inicio\/\"},{\"@type\":\"ListItem\",\"position\":2,\"name\":\"\u00bfHay m\u00e1s de una especie de orca en la costa del Pac\u00edfico?\"}]},{\"@type\":\"WebSite\",\"@id\":\"https:\/\/staging.wewhale.co\/es\/#website\",\"url\":\"https:\/\/staging.wewhale.co\/es\/\",\"name\":\"WeWhale\",\"description\":\"\",\"publisher\":{\"@id\":\"https:\/\/staging.wewhale.co\/es\/#organization\"},\"potentialAction\":[{\"@type\":\"SearchAction\",\"target\":{\"@type\":\"EntryPoint\",\"urlTemplate\":\"https:\/\/staging.wewhale.co\/es\/?s={search_term_string}\"},\"query-input\":\"required name=search_term_string\"}],\"inLanguage\":\"es\"},{\"@type\":\"Organization\",\"@id\":\"https:\/\/staging.wewhale.co\/es\/#organization\",\"name\":\"WeWhale\",\"url\":\"https:\/\/staging.wewhale.co\/es\/\",\"logo\":{\"@type\":\"ImageObject\",\"inLanguage\":\"es\",\"@id\":\"https:\/\/staging.wewhale.co\/es\/#\/schema\/logo\/image\/\",\"url\":\"https:\/\/staging.wewhale.co\/wp-content\/uploads\/2022\/06\/wewhale_stamp_rgb.png\",\"contentUrl\":\"https:\/\/staging.wewhale.co\/wp-content\/uploads\/2022\/06\/wewhale_stamp_rgb.png\",\"width\":1000,\"height\":1000,\"caption\":\"WeWhale\"},\"image\":{\"@id\":\"https:\/\/staging.wewhale.co\/es\/#\/schema\/logo\/image\/\"},\"sameAs\":[\"https:\/\/x.com\/WeWhaleCo\"]},{\"@type\":\"Person\",\"@id\":\"https:\/\/staging.wewhale.co\/es\/#\/schema\/person\/a5ed486041cd9a7c3224f77e5e76a3a2\",\"name\":\"Franziska Sch\u00f6nweitz\",\"url\":\"https:\/\/staging.wewhale.co\/es\/author\/franziskagb\/\"}]}<\/script>\n<!-- \/ Yoast SEO Premium plugin. -->","yoast_head_json":{"title":"\u00bfHay m\u00e1s de una especie de orca en la costa del Pac\u00edfico? - WeWhale","description":"Recientes investigaciones han arrojado nueva luz sobre la diversidad gen\u00e9tica y de comportamiento de las orcas a lo largo de la costa del Pac\u00edfico en Am\u00e9rica del Norte.","robots":{"index":"index","follow":"follow","max-snippet":"max-snippet:-1","max-image-preview":"max-image-preview:large","max-video-preview":"max-video-preview:-1"},"canonical":"https:\/\/staging.wewhale.co\/es\/2024\/10\/22\/hay-mas-de-una-especie-de-orca-en-la-costa-del-pacifico\/","og_locale":"es_ES","og_type":"article","og_title":"\u00bfHay m\u00e1s de una especie de orca en la costa del Pac\u00edfico?","og_description":"Recientes investigaciones han arrojado nueva luz sobre la diversidad gen\u00e9tica y de comportamiento de las orcas a lo largo de la costa del Pac\u00edfico en Am\u00e9rica del Norte.","og_url":"https:\/\/staging.wewhale.co\/es\/2024\/10\/22\/hay-mas-de-una-especie-de-orca-en-la-costa-del-pacifico\/","og_site_name":"WeWhale","article_published_time":"2024-10-22T09:21:16+00:00","article_modified_time":"2024-10-22T15:05:13+00:00","og_image":[{"width":1024,"height":512,"url":"https:\/\/staging.wewhale.co\/wp-content\/uploads\/2024\/10\/orca-unsplash-picture-1024x512.png","type":"image\/png"}],"author":"Franziska Sch\u00f6nweitz","twitter_card":"summary_large_image","twitter_creator":"@WeWhaleCo","twitter_site":"@WeWhaleCo","twitter_misc":{"Escrito por":"Franziska Sch\u00f6nweitz","Tiempo de lectura":"6 minutos"},"schema":{"@context":"https:\/\/schema.org","@graph":[{"@type":"Article","@id":"https:\/\/staging.wewhale.co\/es\/2024\/10\/22\/hay-mas-de-una-especie-de-orca-en-la-costa-del-pacifico\/#article","isPartOf":{"@id":"https:\/\/staging.wewhale.co\/es\/2024\/10\/22\/hay-mas-de-una-especie-de-orca-en-la-costa-del-pacifico\/"},"author":{"name":"Franziska Sch\u00f6nweitz","@id":"https:\/\/staging.wewhale.co\/es\/#\/schema\/person\/a5ed486041cd9a7c3224f77e5e76a3a2"},"headline":"\u00bfHay m\u00e1s de una especie de orca en la costa del Pac\u00edfico?","datePublished":"2024-10-22T09:21:16+00:00","dateModified":"2024-10-22T15:05:13+00:00","mainEntityOfPage":{"@id":"https:\/\/staging.wewhale.co\/es\/2024\/10\/22\/hay-mas-de-una-especie-de-orca-en-la-costa-del-pacifico\/"},"wordCount":1380,"commentCount":0,"publisher":{"@id":"https:\/\/staging.wewhale.co\/es\/#organization"},"image":{"@id":"https:\/\/staging.wewhale.co\/es\/2024\/10\/22\/hay-mas-de-una-especie-de-orca-en-la-costa-del-pacifico\/#primaryimage"},"thumbnailUrl":"https:\/\/staging.wewhale.co\/wp-content\/uploads\/2024\/10\/orca-unsplash-picture.png","keywords":["el maravilloso mundo de las ballenas","pacific orca","resident orca","transient orca","biggs","michael bigg","orca population","orcas","orca","killer whales","habitat"],"articleSection":["El maravilloso mundo de las ballenas"],"inLanguage":"es","potentialAction":[{"@type":"CommentAction","name":"Comment","target":["https:\/\/staging.wewhale.co\/es\/2024\/10\/22\/hay-mas-de-una-especie-de-orca-en-la-costa-del-pacifico\/#respond"]}]},{"@type":"WebPage","@id":"https:\/\/staging.wewhale.co\/es\/2024\/10\/22\/hay-mas-de-una-especie-de-orca-en-la-costa-del-pacifico\/","url":"https:\/\/staging.wewhale.co\/es\/2024\/10\/22\/hay-mas-de-una-especie-de-orca-en-la-costa-del-pacifico\/","name":"\u00bfHay m\u00e1s de una especie de orca en la costa del Pac\u00edfico? - WeWhale","isPartOf":{"@id":"https:\/\/staging.wewhale.co\/es\/#website"},"primaryImageOfPage":{"@id":"https:\/\/staging.wewhale.co\/es\/2024\/10\/22\/hay-mas-de-una-especie-de-orca-en-la-costa-del-pacifico\/#primaryimage"},"image":{"@id":"https:\/\/staging.wewhale.co\/es\/2024\/10\/22\/hay-mas-de-una-especie-de-orca-en-la-costa-del-pacifico\/#primaryimage"},"thumbnailUrl":"https:\/\/staging.wewhale.co\/wp-content\/uploads\/2024\/10\/orca-unsplash-picture.png","datePublished":"2024-10-22T09:21:16+00:00","dateModified":"2024-10-22T15:05:13+00:00","description":"Recientes investigaciones han arrojado nueva luz sobre la diversidad gen\u00e9tica y de comportamiento de las orcas a lo largo de la costa del Pac\u00edfico en Am\u00e9rica del Norte.","breadcrumb":{"@id":"https:\/\/staging.wewhale.co\/es\/2024\/10\/22\/hay-mas-de-una-especie-de-orca-en-la-costa-del-pacifico\/#breadcrumb"},"inLanguage":"es","potentialAction":[{"@type":"ReadAction","target":["https:\/\/staging.wewhale.co\/es\/2024\/10\/22\/hay-mas-de-una-especie-de-orca-en-la-costa-del-pacifico\/"]}]},{"@type":"ImageObject","inLanguage":"es","@id":"https:\/\/staging.wewhale.co\/es\/2024\/10\/22\/hay-mas-de-una-especie-de-orca-en-la-costa-del-pacifico\/#primaryimage","url":"https:\/\/staging.wewhale.co\/wp-content\/uploads\/2024\/10\/orca-unsplash-picture.png","contentUrl":"https:\/\/staging.wewhale.co\/wp-content\/uploads\/2024\/10\/orca-unsplash-picture.png","width":2000,"height":1000,"caption":"orca on the Pacific coast"},{"@type":"BreadcrumbList","@id":"https:\/\/staging.wewhale.co\/es\/2024\/10\/22\/hay-mas-de-una-especie-de-orca-en-la-costa-del-pacifico\/#breadcrumb","itemListElement":[{"@type":"ListItem","position":1,"name":"Home","item":"https:\/\/staging.wewhale.co\/es\/wewhale-inicio\/"},{"@type":"ListItem","position":2,"name":"\u00bfHay m\u00e1s de una especie de orca en la costa del Pac\u00edfico?"}]},{"@type":"WebSite","@id":"https:\/\/staging.wewhale.co\/es\/#website","url":"https:\/\/staging.wewhale.co\/es\/","name":"WeWhale","description":"","publisher":{"@id":"https:\/\/staging.wewhale.co\/es\/#organization"},"potentialAction":[{"@type":"SearchAction","target":{"@type":"EntryPoint","urlTemplate":"https:\/\/staging.wewhale.co\/es\/?s={search_term_string}"},"query-input":"required name=search_term_string"}],"inLanguage":"es"},{"@type":"Organization","@id":"https:\/\/staging.wewhale.co\/es\/#organization","name":"WeWhale","url":"https:\/\/staging.wewhale.co\/es\/","logo":{"@type":"ImageObject","inLanguage":"es","@id":"https:\/\/staging.wewhale.co\/es\/#\/schema\/logo\/image\/","url":"https:\/\/staging.wewhale.co\/wp-content\/uploads\/2022\/06\/wewhale_stamp_rgb.png","contentUrl":"https:\/\/staging.wewhale.co\/wp-content\/uploads\/2022\/06\/wewhale_stamp_rgb.png","width":1000,"height":1000,"caption":"WeWhale"},"image":{"@id":"https:\/\/staging.wewhale.co\/es\/#\/schema\/logo\/image\/"},"sameAs":["https:\/\/x.com\/WeWhaleCo"]},{"@type":"Person","@id":"https:\/\/staging.wewhale.co\/es\/#\/schema\/person\/a5ed486041cd9a7c3224f77e5e76a3a2","name":"Franziska Sch\u00f6nweitz","url":"https:\/\/staging.wewhale.co\/es\/author\/franziskagb\/"}]}},"_links":{"self":[{"href":"https:\/\/staging.wewhale.co\/es\/wp-json\/wp\/v2\/posts\/115992","targetHints":{"allow":["GET"]}}],"collection":[{"href":"https:\/\/staging.wewhale.co\/es\/wp-json\/wp\/v2\/posts"}],"about":[{"href":"https:\/\/staging.wewhale.co\/es\/wp-json\/wp\/v2\/types\/post"}],"author":[{"embeddable":true,"href":"https:\/\/staging.wewhale.co\/es\/wp-json\/wp\/v2\/users\/6"}],"replies":[{"embeddable":true,"href":"https:\/\/staging.wewhale.co\/es\/wp-json\/wp\/v2\/comments?post=115992"}],"version-history":[{"count":5,"href":"https:\/\/staging.wewhale.co\/es\/wp-json\/wp\/v2\/posts\/115992\/revisions"}],"predecessor-version":[{"id":116000,"href":"https:\/\/staging.wewhale.co\/es\/wp-json\/wp\/v2\/posts\/115992\/revisions\/116000"}],"wp:featuredmedia":[{"embeddable":true,"href":"https:\/\/staging.wewhale.co\/es\/wp-json\/wp\/v2\/media\/115976"}],"wp:attachment":[{"href":"https:\/\/staging.wewhale.co\/es\/wp-json\/wp\/v2\/media?parent=115992"}],"wp:term":[{"taxonomy":"category","embeddable":true,"href":"https:\/\/staging.wewhale.co\/es\/wp-json\/wp\/v2\/categories?post=115992"},{"taxonomy":"post_tag","embeddable":true,"href":"https:\/\/staging.wewhale.co\/es\/wp-json\/wp\/v2\/tags?post=115992"}],"curies":[{"name":"wp","href":"https:\/\/api.w.org\/{rel}","templated":true}]}}