{"id":2846,"date":"2023-01-11T10:38:17","date_gmt":"2023-01-11T10:38:17","guid":{"rendered":"https:\/\/staging.wewhale.co\/?p=2846"},"modified":"2023-04-04T10:50:26","modified_gmt":"2023-04-04T09:50:26","slug":"ballenas-que-dejaron-huella-en-el-mundo-keiko","status":"publish","type":"post","link":"https:\/\/staging.wewhale.co\/es\/2023\/01\/11\/ballenas-que-dejaron-huella-en-el-mundo-keiko\/","title":{"rendered":"Ballenas que dejaron huella en el mundo: Keiko"},"content":{"rendered":"<div class=\"wpb-content-wrapper\"><p>[vc_row][vc_column][vc_column_text]<em>Foto principal: Mark Berman<\/em><\/p>\n<p>[\/vc_column_text][vc_column_text uncode_shortcode_id=&#8221;594174&#8243;]<span data-contrast=\"auto\">En nuestro tercer blog sobre ballenas que han captado la atenci\u00f3n del mundo y el coraz\u00f3n de la gente, nos fijamos en la orca macho Keiko. <\/span><\/p>\n<p><span data-contrast=\"auto\">Debido a su aparici\u00f3n en la popular pel\u00edcula de 1993<\/span> <i><span data-contrast=\"auto\">Liberad a Willy<\/span><\/i><span data-contrast=\"auto\">, se gener\u00f3 una enorme corriente de afecto hacia Keiko, as\u00ed como el inter\u00e9s de personas de todo el mundo por su bienestar y su futuro.<\/span> [\/vc_column_text][vc_custom_heading uncode_shortcode_id=&#8221;514915&#8243;]<span class=\"TextRun MacChromeBold SCXW172043286 BCX0\" lang=\"EN-IE\" xml:lang=\"EN-IE\" data-contrast=\"auto\"><span class=\"NormalTextRun SCXW172043286 BCX0\">Primeros a\u00f1os<\/span><span class=\"NormalTextRun SCXW172043286 BCX0\">, captura y cautiverio<\/span><\/span> [\/vc_custom_heading][vc_column_text uncode_shortcode_id=&#8221;191923&#8243;]<span data-contrast=\"auto\">Keiko (antes conocido como Siggi o Kago) naci\u00f3 en 1976. Fue capturado cuando ten\u00eda aproximadamente dos a\u00f1os, cerca de Rey\u00f0arfj\u00f6r\u00f0ur, en Islandia, y vendido a un <a href=\"https:\/\/killerwhales.fandom.com\/wiki\/Saedyrasafnid\" target=\"_blank\" rel=\"noopener\">acuario de Hafnarfj\u00f6r\u00f0ur<\/a> (que tambi\u00e9n alberg\u00f3 a otras orcas a lo largo de los a\u00f1os, incluida Tilikum). <\/span><\/p>\n<p><span data-contrast=\"auto\">En 1982, Keiko fue vendido a Marineland, en Ontario (Canad\u00e1), donde fue puesto a trabajar actuando para el p\u00fablico. Hay informes de que desarroll\u00f3 lesiones en la piel, lo que indicaba una mala salud, y tambi\u00e9n fue intimidado por orcas mayores.<\/span><\/p>\n<p><span data-contrast=\"auto\">Tres a\u00f1os despu\u00e9s, fue vendido al parque tem\u00e1tico Reino Aventura de Ciudad de M\u00e9xico. All\u00ed le dieron el nombre de &#8220;Keiko&#8221;, que significa &#8220;afortunada&#8221; en japon\u00e9s. <\/span><\/p>\n<p><span data-contrast=\"auto\">Lamentablemente, pas\u00f3 11 a\u00f1os encerrado en un tanque dise\u00f1ado para delfines mulares, a lo que no ayud\u00f3 el hecho de que creciera considerablemente de tama\u00f1o durante su estancia all\u00ed. Keiko no pod\u00eda bucear en absoluto y, cuando flotaba ociosamente, su cola casi tocaba el fondo. Aunque ten\u00eda a los delfines como compa\u00f1\u00eda, no hab\u00eda otras <a href=\"https:\/\/staging.wewhale.co\/es\/2022\/05\/30\/deep-diveinto-orcas\/\" target=\"_blank\" rel=\"noopener\">orcas<\/a> en el parque de atracciones. <\/span><\/p>\n<p><span data-contrast=\"auto\">Otro reto para Keiko era el calor. Acostumbrado a las fr\u00edas aguas del Atl\u00e1ntico Norte durante sus primeros a\u00f1os, ahora ten\u00eda el ardiente sol mexicano golpe\u00e1ndole sin cesar. <\/span><\/p>\n<p><span data-contrast=\"auto\">El personal del parque tem\u00e1tico llen\u00f3 el tanque con agua del grifo, que estaba clorada, e introdujo sal para reproducir el agua del oc\u00e9ano, pero todo fue una temeridad. El entorno natural del oc\u00e9ano nunca podr\u00eda reproducirse en un tanque artificial. <\/span><\/p>\n<p><span data-contrast=\"auto\">A Keiko se le hundi\u00f3 la aleta dorsal por falta de movilidad tras casi dos d\u00e9cadas en un tanque. <\/span> [\/vc_column_text][vc_single_image media=&#8221;2833&#8243; media_width_percent=&#8221;100&#8243; uncode_shortcode_id=&#8221;110404&#8243;][vc_custom_heading uncode_shortcode_id=&#8221;724388&#8243;]<span class=\"TextRun MacChromeBold SCXW12881184 BCX0\" lang=\"EN-IE\" xml:lang=\"EN-IE\" data-contrast=\"auto\"><span class=\"NormalTextRun SCXW12881184 BCX0\">Liberad a Willy<\/span><\/span> [\/vc_custom_heading][vc_column_text uncode_shortcode_id=&#8221;109817&#8243;]<span data-contrast=\"auto\">Tras varios a\u00f1os en Reino Aventura, Keiko fue elegida para actuar en la pel\u00edcula<\/span> <a href=\"https:\/\/www.youtube.com\/watch?v=xk0XY83eEuM\" target=\"_blank\" rel=\"noopener\"><i><span data-contrast=\"auto\">Free Willy<\/span><\/i><\/a><span data-contrast=\"auto\">, que cuenta la historia de un ni\u00f1o que se hace amigo y finalmente consigue liberar a una orca cautiva de un parque marino. La pel\u00edcula de 1993 fue un \u00e9xito de taquilla, recaudando 153 millones de d\u00f3lares en todo el mundo, con un presupuesto de 20 millones. <\/span><\/p>\n<p><span data-contrast=\"auto\">La pel\u00edcula gust\u00f3 tanto a ni\u00f1os como a adultos, que conectaron con la inspiradora historia de la orca que consigui\u00f3 volver a su h\u00e1bitat natural. <\/span><\/p>\n<p><span data-contrast=\"auto\">Pero esa historia chocaba con lo que Keiko tuvo que afrontar despu\u00e9s de que el equipo de rodaje abandonara Ciudad de M\u00e9xico. Segu\u00eda viviendo exactamente en las mismas condiciones en el parque tem\u00e1tico y segu\u00eda cautivo, lejos de ser el &#8220;Willy libre&#8221; del t\u00edtulo de la pel\u00edcula.<\/span><\/p>\n<p><span data-contrast=\"auto\">Los fans de Keiko no estaban contentos con su situaci\u00f3n e iniciaron una campa\u00f1a internacional de env\u00edo de cartas, Free Keiko, para que fuera devuelto a la naturaleza, preferiblemente a su grupo familiar en Islandia. <\/span><\/p>\n<p><span data-contrast=\"auto\">El Earth Island Institute recibi\u00f3 m\u00e1s de 400.000 llamadas telef\u00f3nicas de personas, sobre todo ni\u00f1os y sus padres, pidiendo saber qu\u00e9 pod\u00edan hacer por Keiko y qu\u00e9 pod\u00edan hacer por las ballenas. <\/span><\/p>\n<p><span data-contrast=\"auto\">Warner Bros, que hab\u00eda rodado la pel\u00edcula, tambi\u00e9n se moviliz\u00f3 para ayudar a la orca. Varias organizaciones se reunieron con los propietarios del Reina Aventura para ver qu\u00e9 se pod\u00eda hacer para ayudar a Keiko. <\/span><\/p>\n<p><span data-contrast=\"auto\">Una posibilidad era trasladarla a otro acuario, pero nadie quer\u00eda acogerla debido a la enfermedad cut\u00e1nea que hab\u00eda desarrollado (ya que podr\u00eda haberse contagiado a otras orcas en cautividad). Cuando la idea de devolverlo a su h\u00e1bitat nativo empez\u00f3 a cobrar fuerza, Warner Bros se puso en contacto con el Earth Island Institute para que actuara como custodio de la orca. <\/span><\/p>\n<p><span data-contrast=\"auto\">Reino Aventura, que al parecer hab\u00eda pagado 350.000 d\u00f3lares por Keiko, lo don\u00f3 a la reci\u00e9n creada Free Willy-Keiko Foundation, creada por el Earth Island Institute. <\/span> [\/vc_column_text][vc_custom_heading uncode_shortcode_id=&#8221;316187&#8243;]<span class=\"TextRun MacChromeBold SCXW135505388 BCX0\" lang=\"EN-IE\" xml:lang=\"EN-IE\" data-contrast=\"auto\"><span class=\"NormalTextRun SCXW135505388 BCX0\">Rehabilitaci\u00f3n y liberaci\u00f3n <\/span><\/span>[\/vc_custom_heading][vc_column_text uncode_shortcode_id=&#8221;487847&#8243;]<span data-contrast=\"auto\">El primer paso del plan era trasladarlo a una instalaci\u00f3n mejor mientras mejoraba su salud y, en enero de 1996, fue trasladado en avi\u00f3n al Oregon Coast Aquarium y alojado en un nuevo tanque de \u00faltima generaci\u00f3n. El p\u00fablico hab\u00eda recaudado unos 7 millones de d\u00f3lares para financiar las nuevas instalaciones. <\/span><\/p>\n<p><span data-contrast=\"auto\">Keiko pas\u00f3 all\u00ed algo m\u00e1s de dos a\u00f1os mientras se preparaba todo para su traslado a Islandia, donde hab\u00eda sido capturado 19 a\u00f1os antes. Fue una operaci\u00f3n de gran envergadura, ya que nunca antes se hab\u00eda transportado en avi\u00f3n a una orca cautiva a su h\u00e1bitat natural. <\/span><\/p>\n<p><span data-contrast=\"auto\">El viaje se traz\u00f3 desde la costa oeste de EE.UU. a trav\u00e9s del oc\u00e9ano Atl\u00e1ntico hasta Islandia. Pesaba entonces unas cuatro toneladas y fue transportada en <a href=\"https:\/\/www.defense.gov\/Multimedia\/Photos\/igphoto\/2001238150\/\" target=\"_blank\" rel=\"noopener\">un avi\u00f3n C-17 Globemaster III de las Fuerzas A\u00e9reas de EE.UU.<\/a>, contenida de forma segura en un tanque de transferencia especialmente fabricado a bordo. <\/span><\/p>\n<p><span data-contrast=\"auto\">En septiembre de 1998, con <a href=\"https:\/\/apnews.com\/article\/124b1747e23c1d49e2d09e3f1813d17b\" target=\"_blank\" rel=\"noopener\">los medios de comunicaci\u00f3n internacionales<\/a> y millones de personas siguiendo la historia, Keiko lleg\u00f3 a la bah\u00eda de Klettsvik, en la regi\u00f3n de las islas Vestmannaeyjar. <\/span><\/p>\n<p><span data-contrast=\"auto\">Al principio se le aloj\u00f3 en un corral marino donde se le adiestr\u00f3 para prepararle para su eventual liberaci\u00f3n. Entre otras cosas, se le ense\u00f1\u00f3 a cazar para alimentarse (aunque se critic\u00f3 que los humanos no entienden los complejos h\u00e1bitos alimentarios de las orcas, por lo que no son los m\u00e1s indicados para ense\u00f1\u00e1rselos a una ballena). <\/span><\/p>\n<p><span data-contrast=\"auto\">Keiko tambi\u00e9n nad\u00f3 bajo supervisi\u00f3n en mar abierto. Thorbjorg Valdis Kristjansdottir pas\u00f3 dos a\u00f1os trabajando con Keiko durante su rehabilitaci\u00f3n y lo recuerda como &#8220;un animal incre\u00edble. Ten\u00eda una personalidad absolutamente definida. Pas\u00e9 mucho tiempo a solas con \u00e9l, y hablaba y hablaba y hablaba con \u00e9l. Se pon\u00eda a bailar en el agua&#8221;.<\/span><\/p>\n<p><span data-contrast=\"auto\">En el verano de 2002, estaba en buena forma y en la mejor posici\u00f3n para ser liberado en mar abierto. Se le vio salir de aguas islandesas a principios de agosto, siguiendo a algunas orcas. Por desgracia, no se integr\u00f3 en la manada. <\/span><\/p>\n<p><span data-contrast=\"auto\">Su viaje fue rastreado mediante una se\u00f1al de radio colocada en su aleta dorsal. Un mes despu\u00e9s, Keiko fue encontrado en el fiordo noruego de Skalvik, donde <a href=\"https:\/\/www.theguardian.com\/world\/2002\/sep\/08\/theobserver2\" target=\"_blank\" rel=\"noopener\">interactuaba con humanos<\/a>. <\/span><\/p>\n<p><span data-contrast=\"auto\">El equipo que se ocup\u00f3 de su bienestar se traslad\u00f3 a Noruega y continu\u00f3 vigil\u00e1ndolo en barco durante los 15 meses siguientes. Aunque de vez en cuando se acercaba a grupos de orcas salvajes, se manten\u00eda a cierta distancia de ellos (unos 100-300 metros). <\/span><\/p>\n<p><span data-contrast=\"auto\">Aunque Keiko se hab\u00eda alimentado con \u00e9xito durante su traves\u00eda a nado de Islandia a Noruega, m\u00e1s tarde necesit\u00f3 que el equipo que lo cuidaba le diera de comer.<\/span><\/p>\n<p><span data-contrast=\"auto\">Keiko fue la primera (y \u00fanica hasta la fecha) orca cautiva en ser liberada completamente en el oc\u00e9ano, pero lamentablemente no tuvo una vida larga. Muri\u00f3 el <a href=\"https:\/\/www.nbcnews.com\/id\/wbna3700297\" target=\"_blank\" rel=\"noopener\">12 de diciembre de 2003<\/a> en la bah\u00eda noruega de Taknes, tras entrar en letargo y a pesar de recibir tratamiento antibi\u00f3tico. <\/span><\/p>\n<p><span data-contrast=\"auto\">Se determin\u00f3 que la causa probable de su muerte prematura fue una neumon\u00eda; s\u00f3lo ten\u00eda 27 a\u00f1os cuando termin\u00f3 su vida. <\/span> [\/vc_column_text][vc_single_image media=&#8221;2841&#8243; media_width_percent=&#8221;100&#8243; uncode_shortcode_id=&#8221;989636&#8243;][vc_custom_heading uncode_shortcode_id=&#8221;194644&#8243;]<span class=\"TextRun MacChromeBold SCXW233652885 BCX0\" lang=\"EN-IE\" xml:lang=\"EN-IE\" data-contrast=\"auto\"><span class=\"NormalTextRun SCXW233652885 BCX0\">El impacto de Keiko<\/span><\/span> [\/vc_custom_heading][vc_column_text uncode_shortcode_id=&#8221;494332&#8243;]<span data-contrast=\"auto\">No fue el final feliz de Hollywood que todos hab\u00edan deseado. Tras la muerte de Keiko, algunos medios de comunicaci\u00f3n calificaron su rehabilitaci\u00f3n y liberaci\u00f3n de &#8220;fracaso total&#8221; porque no se integr\u00f3 en una manada de orcas y porque segu\u00eda dependiendo de los humanos (los buscaba para interactuar con ellos y para comer). <\/span><\/p>\n<p><span data-contrast=\"auto\">Sin embargo, se ha se\u00f1alado que el hecho de que no se reuniera con su familia pudo deberse a las circunstancias: puede que ya no estuvieran vivos o que simplemente estuviera de paso por esa zona de Islandia cuando fue capturado de joven. Podr\u00eda haber sido el lugar y el momento equivocados para que se produjera una reuni\u00f3n familiar. <\/span><\/p>\n<p><span data-contrast=\"auto\">En el gran esquema de las cosas, su rescate debe ser visto como un \u00e9xito. Keiko no habr\u00eda vivido mucho m\u00e1s tiempo en el parque tem\u00e1tico de M\u00e9xico, ya que su salud f\u00edsica y mental segu\u00eda deterior\u00e1ndose (un experto dijo que quiz\u00e1 s\u00f3lo hubiera vivido unos meses m\u00e1s all\u00ed). <\/span><\/p>\n<p><span data-contrast=\"auto\">No s\u00f3lo se le sac\u00f3 de all\u00ed, sino que pas\u00f3 un periodo de readaptaci\u00f3n en Oreg\u00f3n, luego se traslad\u00f3 al corral marino de Islandia y finalmente vivi\u00f3 sus d\u00edas en el oc\u00e9ano, de vuelta a su lugar de origen. <\/span><\/p>\n<p><span data-contrast=\"auto\">El rescate de Keiko ha servido como modelo para otros rescates de cet\u00e1ceos y como inspiraci\u00f3n de que si suficientes personas presionan y se unen, una vida m\u00e1s all\u00e1 del cautiverio puede hacerse realidad para las ballenas. <\/span><\/p>\n<p><span data-contrast=\"auto\">En 2013, un v\u00eddeo del <em>New York Times<\/em>, Freeing Willy, hizo una retrospectiva de su regreso al oc\u00e9ano. Echa un vistazo a continuaci\u00f3n: <\/span><\/p>\n<p><iframe title=\"YouTube video player\" src=\"https:\/\/www.youtube.com\/embed\/t7fKTh5uAxE\" width=\"560\" height=\"315\" frameborder=\"0\" allowfullscreen=\"allowfullscreen\"><\/iframe><\/p>\n<p><em>Consulta los blogs anteriores de esta serie<\/em><\/p>\n<p><a href=\"https:\/\/staging.wewhale.co\/es\/2022\/09\/15\/ballenas-que-dejaron-huella-en-el-mundo-migaloo\/\" target=\"_blank\" rel=\"noopener\"><span data-contrast=\"auto\">Ballenas que dejaron huella en el mundo: Migaloo<\/span> <\/a><\/p>\n<p><a href=\"https:\/\/staging.wewhale.co\/es\/2022\/08\/25\/ballenas-que-dejaron-huella-en-el-mundo-tokitae-lolita\/\" target=\"_blank\" rel=\"noopener\">Ballenas que dejaron huella en el mundo: Tokitae <\/a>[\/vc_column_text][\/vc_column][\/vc_row]<\/p>\n<\/div>","protected":false},"excerpt":{"rendered":"<p>[vc_row][vc_column][vc_column_text]Foto principal: Mark Berman [\/vc_column_text][vc_column_text uncode_shortcode_id=&#8221;594174&#8243;]En nuestro tercer blog sobre ballenas que han captado la atenci\u00f3n del mundo y el [&hellip;]<\/p>\n","protected":false},"author":3,"featured_media":2830,"comment_status":"open","ping_status":"open","sticky":false,"template":"","format":"standard","meta":{"footnotes":""},"categories":[284],"tags":[69,72,102,105,173,236,523,524,525,526,527,61,62,66,68],"class_list":["post-2846","post","type-post","status-publish","format-standard","has-post-thumbnail","hentry","category-ballenas-que-dejaron-huella-en-el-mundo","tag-killer-whales-es","tag-wewhale-es","tag-natural-behaviour-es","tag-habitat-es","tag-ballena","tag-blackfish-es","tag-keiko-es","tag-liberad-a-willy","tag-islandia","tag-rehabilitacion","tag-liberacion","tag-orcas-es","tag-whales-es","tag-captivity-es","tag-orca-es"],"yoast_head":"<!-- This site is optimized with the Yoast SEO Premium plugin v23.2 (Yoast SEO v23.2) - https:\/\/yoast.com\/wordpress\/plugins\/seo\/ -->\n<title>Ballenas que dejaron huella en el mundo: Keiko - WeWhale<\/title>\n<meta name=\"description\" content=\"Capturado en Islandia y mantenido en acuarios y parques tem\u00e1ticos durante 18 a\u00f1os, Keiko cautiv\u00f3 corazones y mentes cuando apareci\u00f3 en Liberad a Willy.\" \/>\n<meta name=\"robots\" content=\"index, follow, max-snippet:-1, max-image-preview:large, max-video-preview:-1\" \/>\n<link rel=\"canonical\" href=\"https:\/\/staging.wewhale.co\/es\/2023\/01\/11\/ballenas-que-dejaron-huella-en-el-mundo-keiko\/\" \/>\n<meta property=\"og:locale\" content=\"es_ES\" \/>\n<meta property=\"og:type\" content=\"article\" \/>\n<meta property=\"og:title\" content=\"Ballenas que dejaron huella en el mundo: Keiko\" \/>\n<meta property=\"og:description\" content=\"Capturado en Islandia y mantenido en acuarios y parques tem\u00e1ticos durante 18 a\u00f1os, Keiko cautiv\u00f3 corazones y mentes cuando apareci\u00f3 en Liberad a Willy.\" \/>\n<meta property=\"og:url\" content=\"https:\/\/staging.wewhale.co\/es\/2023\/01\/11\/ballenas-que-dejaron-huella-en-el-mundo-keiko\/\" \/>\n<meta property=\"og:site_name\" content=\"WeWhale\" \/>\n<meta property=\"article:published_time\" content=\"2023-01-11T10:38:17+00:00\" \/>\n<meta property=\"article:modified_time\" content=\"2023-04-04T09:50:26+00:00\" \/>\n<meta property=\"og:image\" content=\"https:\/\/staging.wewhale.co\/wp-content\/uploads\/2023\/01\/Keiko-website-2-1024x512.png\" \/>\n\t<meta property=\"og:image:width\" content=\"1024\" \/>\n\t<meta property=\"og:image:height\" content=\"512\" \/>\n\t<meta property=\"og:image:type\" content=\"image\/png\" \/>\n<meta name=\"author\" content=\"Lisa Jewell\" \/>\n<meta name=\"twitter:card\" content=\"summary_large_image\" \/>\n<meta name=\"twitter:creator\" content=\"@WeWhaleCo\" \/>\n<meta name=\"twitter:site\" content=\"@WeWhaleCo\" \/>\n<meta name=\"twitter:label1\" content=\"Escrito por\" \/>\n\t<meta name=\"twitter:data1\" content=\"Lisa Jewell\" \/>\n\t<meta name=\"twitter:label2\" content=\"Tiempo de lectura\" \/>\n\t<meta name=\"twitter:data2\" content=\"7 minutos\" \/>\n<script type=\"application\/ld+json\" class=\"yoast-schema-graph\">{\"@context\":\"https:\/\/schema.org\",\"@graph\":[{\"@type\":\"Article\",\"@id\":\"https:\/\/staging.wewhale.co\/es\/2023\/01\/11\/ballenas-que-dejaron-huella-en-el-mundo-keiko\/#article\",\"isPartOf\":{\"@id\":\"https:\/\/staging.wewhale.co\/es\/2023\/01\/11\/ballenas-que-dejaron-huella-en-el-mundo-keiko\/\"},\"author\":{\"name\":\"Lisa Jewell\",\"@id\":\"https:\/\/staging.wewhale.co\/es\/#\/schema\/person\/daa564942b5d00d3578d50a261f9f319\"},\"headline\":\"Ballenas que dejaron huella en el mundo: Keiko\",\"datePublished\":\"2023-01-11T10:38:17+00:00\",\"dateModified\":\"2023-04-04T09:50:26+00:00\",\"mainEntityOfPage\":{\"@id\":\"https:\/\/staging.wewhale.co\/es\/2023\/01\/11\/ballenas-que-dejaron-huella-en-el-mundo-keiko\/\"},\"wordCount\":1713,\"commentCount\":0,\"publisher\":{\"@id\":\"https:\/\/staging.wewhale.co\/es\/#organization\"},\"image\":{\"@id\":\"https:\/\/staging.wewhale.co\/es\/2023\/01\/11\/ballenas-que-dejaron-huella-en-el-mundo-keiko\/#primaryimage\"},\"thumbnailUrl\":\"https:\/\/staging.wewhale.co\/wp-content\/uploads\/2023\/01\/Keiko-website-2.png\",\"keywords\":[\"killer whales\",\"WeWhale\",\"natural behaviour\",\"habitat\",\"ballena\",\"Blackfish\",\"Keiko\",\"Liberad a Willy\",\"Islandia\",\"Rehabilitaci\u00f3n\",\"Liberaci\u00f3n\",\"orcas\",\"whales\",\"captivity\",\"orca\"],\"articleSection\":[\"Ballenas que dejaron huella en el mundo\"],\"inLanguage\":\"es\",\"potentialAction\":[{\"@type\":\"CommentAction\",\"name\":\"Comment\",\"target\":[\"https:\/\/staging.wewhale.co\/es\/2023\/01\/11\/ballenas-que-dejaron-huella-en-el-mundo-keiko\/#respond\"]}]},{\"@type\":\"WebPage\",\"@id\":\"https:\/\/staging.wewhale.co\/es\/2023\/01\/11\/ballenas-que-dejaron-huella-en-el-mundo-keiko\/\",\"url\":\"https:\/\/staging.wewhale.co\/es\/2023\/01\/11\/ballenas-que-dejaron-huella-en-el-mundo-keiko\/\",\"name\":\"Ballenas que dejaron huella en el mundo: Keiko - WeWhale\",\"isPartOf\":{\"@id\":\"https:\/\/staging.wewhale.co\/es\/#website\"},\"primaryImageOfPage\":{\"@id\":\"https:\/\/staging.wewhale.co\/es\/2023\/01\/11\/ballenas-que-dejaron-huella-en-el-mundo-keiko\/#primaryimage\"},\"image\":{\"@id\":\"https:\/\/staging.wewhale.co\/es\/2023\/01\/11\/ballenas-que-dejaron-huella-en-el-mundo-keiko\/#primaryimage\"},\"thumbnailUrl\":\"https:\/\/staging.wewhale.co\/wp-content\/uploads\/2023\/01\/Keiko-website-2.png\",\"datePublished\":\"2023-01-11T10:38:17+00:00\",\"dateModified\":\"2023-04-04T09:50:26+00:00\",\"description\":\"Capturado en Islandia y mantenido en acuarios y parques tem\u00e1ticos durante 18 a\u00f1os, Keiko cautiv\u00f3 corazones y mentes cuando apareci\u00f3 en Liberad a Willy.\",\"breadcrumb\":{\"@id\":\"https:\/\/staging.wewhale.co\/es\/2023\/01\/11\/ballenas-que-dejaron-huella-en-el-mundo-keiko\/#breadcrumb\"},\"inLanguage\":\"es\",\"potentialAction\":[{\"@type\":\"ReadAction\",\"target\":[\"https:\/\/staging.wewhale.co\/es\/2023\/01\/11\/ballenas-que-dejaron-huella-en-el-mundo-keiko\/\"]}]},{\"@type\":\"ImageObject\",\"inLanguage\":\"es\",\"@id\":\"https:\/\/staging.wewhale.co\/es\/2023\/01\/11\/ballenas-que-dejaron-huella-en-el-mundo-keiko\/#primaryimage\",\"url\":\"https:\/\/staging.wewhale.co\/wp-content\/uploads\/2023\/01\/Keiko-website-2.png\",\"contentUrl\":\"https:\/\/staging.wewhale.co\/wp-content\/uploads\/2023\/01\/Keiko-website-2.png\",\"width\":2000,\"height\":1000,\"caption\":\"Keiko\"},{\"@type\":\"BreadcrumbList\",\"@id\":\"https:\/\/staging.wewhale.co\/es\/2023\/01\/11\/ballenas-que-dejaron-huella-en-el-mundo-keiko\/#breadcrumb\",\"itemListElement\":[{\"@type\":\"ListItem\",\"position\":1,\"name\":\"Home\",\"item\":\"https:\/\/staging.wewhale.co\/es\/wewhale-inicio\/\"},{\"@type\":\"ListItem\",\"position\":2,\"name\":\"Ballenas que dejaron huella en el mundo: Keiko\"}]},{\"@type\":\"WebSite\",\"@id\":\"https:\/\/staging.wewhale.co\/es\/#website\",\"url\":\"https:\/\/staging.wewhale.co\/es\/\",\"name\":\"WeWhale\",\"description\":\"\",\"publisher\":{\"@id\":\"https:\/\/staging.wewhale.co\/es\/#organization\"},\"potentialAction\":[{\"@type\":\"SearchAction\",\"target\":{\"@type\":\"EntryPoint\",\"urlTemplate\":\"https:\/\/staging.wewhale.co\/es\/?s={search_term_string}\"},\"query-input\":\"required name=search_term_string\"}],\"inLanguage\":\"es\"},{\"@type\":\"Organization\",\"@id\":\"https:\/\/staging.wewhale.co\/es\/#organization\",\"name\":\"WeWhale\",\"url\":\"https:\/\/staging.wewhale.co\/es\/\",\"logo\":{\"@type\":\"ImageObject\",\"inLanguage\":\"es\",\"@id\":\"https:\/\/staging.wewhale.co\/es\/#\/schema\/logo\/image\/\",\"url\":\"https:\/\/staging.wewhale.co\/wp-content\/uploads\/2022\/06\/wewhale_stamp_rgb.png\",\"contentUrl\":\"https:\/\/staging.wewhale.co\/wp-content\/uploads\/2022\/06\/wewhale_stamp_rgb.png\",\"width\":1000,\"height\":1000,\"caption\":\"WeWhale\"},\"image\":{\"@id\":\"https:\/\/staging.wewhale.co\/es\/#\/schema\/logo\/image\/\"},\"sameAs\":[\"https:\/\/x.com\/WeWhaleCo\"]},{\"@type\":\"Person\",\"@id\":\"https:\/\/staging.wewhale.co\/es\/#\/schema\/person\/daa564942b5d00d3578d50a261f9f319\",\"name\":\"Lisa Jewell\",\"url\":\"https:\/\/staging.wewhale.co\/es\/author\/lisa\/\"}]}<\/script>\n<!-- \/ Yoast SEO Premium plugin. -->","yoast_head_json":{"title":"Ballenas que dejaron huella en el mundo: Keiko - WeWhale","description":"Capturado en Islandia y mantenido en acuarios y parques tem\u00e1ticos durante 18 a\u00f1os, Keiko cautiv\u00f3 corazones y mentes cuando apareci\u00f3 en Liberad a Willy.","robots":{"index":"index","follow":"follow","max-snippet":"max-snippet:-1","max-image-preview":"max-image-preview:large","max-video-preview":"max-video-preview:-1"},"canonical":"https:\/\/staging.wewhale.co\/es\/2023\/01\/11\/ballenas-que-dejaron-huella-en-el-mundo-keiko\/","og_locale":"es_ES","og_type":"article","og_title":"Ballenas que dejaron huella en el mundo: Keiko","og_description":"Capturado en Islandia y mantenido en acuarios y parques tem\u00e1ticos durante 18 a\u00f1os, Keiko cautiv\u00f3 corazones y mentes cuando apareci\u00f3 en Liberad a Willy.","og_url":"https:\/\/staging.wewhale.co\/es\/2023\/01\/11\/ballenas-que-dejaron-huella-en-el-mundo-keiko\/","og_site_name":"WeWhale","article_published_time":"2023-01-11T10:38:17+00:00","article_modified_time":"2023-04-04T09:50:26+00:00","og_image":[{"width":1024,"height":512,"url":"https:\/\/staging.wewhale.co\/wp-content\/uploads\/2023\/01\/Keiko-website-2-1024x512.png","type":"image\/png"}],"author":"Lisa Jewell","twitter_card":"summary_large_image","twitter_creator":"@WeWhaleCo","twitter_site":"@WeWhaleCo","twitter_misc":{"Escrito por":"Lisa Jewell","Tiempo de lectura":"7 minutos"},"schema":{"@context":"https:\/\/schema.org","@graph":[{"@type":"Article","@id":"https:\/\/staging.wewhale.co\/es\/2023\/01\/11\/ballenas-que-dejaron-huella-en-el-mundo-keiko\/#article","isPartOf":{"@id":"https:\/\/staging.wewhale.co\/es\/2023\/01\/11\/ballenas-que-dejaron-huella-en-el-mundo-keiko\/"},"author":{"name":"Lisa Jewell","@id":"https:\/\/staging.wewhale.co\/es\/#\/schema\/person\/daa564942b5d00d3578d50a261f9f319"},"headline":"Ballenas que dejaron huella en el mundo: Keiko","datePublished":"2023-01-11T10:38:17+00:00","dateModified":"2023-04-04T09:50:26+00:00","mainEntityOfPage":{"@id":"https:\/\/staging.wewhale.co\/es\/2023\/01\/11\/ballenas-que-dejaron-huella-en-el-mundo-keiko\/"},"wordCount":1713,"commentCount":0,"publisher":{"@id":"https:\/\/staging.wewhale.co\/es\/#organization"},"image":{"@id":"https:\/\/staging.wewhale.co\/es\/2023\/01\/11\/ballenas-que-dejaron-huella-en-el-mundo-keiko\/#primaryimage"},"thumbnailUrl":"https:\/\/staging.wewhale.co\/wp-content\/uploads\/2023\/01\/Keiko-website-2.png","keywords":["killer whales","WeWhale","natural behaviour","habitat","ballena","Blackfish","Keiko","Liberad a Willy","Islandia","Rehabilitaci\u00f3n","Liberaci\u00f3n","orcas","whales","captivity","orca"],"articleSection":["Ballenas que dejaron huella en el mundo"],"inLanguage":"es","potentialAction":[{"@type":"CommentAction","name":"Comment","target":["https:\/\/staging.wewhale.co\/es\/2023\/01\/11\/ballenas-que-dejaron-huella-en-el-mundo-keiko\/#respond"]}]},{"@type":"WebPage","@id":"https:\/\/staging.wewhale.co\/es\/2023\/01\/11\/ballenas-que-dejaron-huella-en-el-mundo-keiko\/","url":"https:\/\/staging.wewhale.co\/es\/2023\/01\/11\/ballenas-que-dejaron-huella-en-el-mundo-keiko\/","name":"Ballenas que dejaron huella en el mundo: Keiko - WeWhale","isPartOf":{"@id":"https:\/\/staging.wewhale.co\/es\/#website"},"primaryImageOfPage":{"@id":"https:\/\/staging.wewhale.co\/es\/2023\/01\/11\/ballenas-que-dejaron-huella-en-el-mundo-keiko\/#primaryimage"},"image":{"@id":"https:\/\/staging.wewhale.co\/es\/2023\/01\/11\/ballenas-que-dejaron-huella-en-el-mundo-keiko\/#primaryimage"},"thumbnailUrl":"https:\/\/staging.wewhale.co\/wp-content\/uploads\/2023\/01\/Keiko-website-2.png","datePublished":"2023-01-11T10:38:17+00:00","dateModified":"2023-04-04T09:50:26+00:00","description":"Capturado en Islandia y mantenido en acuarios y parques tem\u00e1ticos durante 18 a\u00f1os, Keiko cautiv\u00f3 corazones y mentes cuando apareci\u00f3 en Liberad a Willy.","breadcrumb":{"@id":"https:\/\/staging.wewhale.co\/es\/2023\/01\/11\/ballenas-que-dejaron-huella-en-el-mundo-keiko\/#breadcrumb"},"inLanguage":"es","potentialAction":[{"@type":"ReadAction","target":["https:\/\/staging.wewhale.co\/es\/2023\/01\/11\/ballenas-que-dejaron-huella-en-el-mundo-keiko\/"]}]},{"@type":"ImageObject","inLanguage":"es","@id":"https:\/\/staging.wewhale.co\/es\/2023\/01\/11\/ballenas-que-dejaron-huella-en-el-mundo-keiko\/#primaryimage","url":"https:\/\/staging.wewhale.co\/wp-content\/uploads\/2023\/01\/Keiko-website-2.png","contentUrl":"https:\/\/staging.wewhale.co\/wp-content\/uploads\/2023\/01\/Keiko-website-2.png","width":2000,"height":1000,"caption":"Keiko"},{"@type":"BreadcrumbList","@id":"https:\/\/staging.wewhale.co\/es\/2023\/01\/11\/ballenas-que-dejaron-huella-en-el-mundo-keiko\/#breadcrumb","itemListElement":[{"@type":"ListItem","position":1,"name":"Home","item":"https:\/\/staging.wewhale.co\/es\/wewhale-inicio\/"},{"@type":"ListItem","position":2,"name":"Ballenas que dejaron huella en el mundo: Keiko"}]},{"@type":"WebSite","@id":"https:\/\/staging.wewhale.co\/es\/#website","url":"https:\/\/staging.wewhale.co\/es\/","name":"WeWhale","description":"","publisher":{"@id":"https:\/\/staging.wewhale.co\/es\/#organization"},"potentialAction":[{"@type":"SearchAction","target":{"@type":"EntryPoint","urlTemplate":"https:\/\/staging.wewhale.co\/es\/?s={search_term_string}"},"query-input":"required name=search_term_string"}],"inLanguage":"es"},{"@type":"Organization","@id":"https:\/\/staging.wewhale.co\/es\/#organization","name":"WeWhale","url":"https:\/\/staging.wewhale.co\/es\/","logo":{"@type":"ImageObject","inLanguage":"es","@id":"https:\/\/staging.wewhale.co\/es\/#\/schema\/logo\/image\/","url":"https:\/\/staging.wewhale.co\/wp-content\/uploads\/2022\/06\/wewhale_stamp_rgb.png","contentUrl":"https:\/\/staging.wewhale.co\/wp-content\/uploads\/2022\/06\/wewhale_stamp_rgb.png","width":1000,"height":1000,"caption":"WeWhale"},"image":{"@id":"https:\/\/staging.wewhale.co\/es\/#\/schema\/logo\/image\/"},"sameAs":["https:\/\/x.com\/WeWhaleCo"]},{"@type":"Person","@id":"https:\/\/staging.wewhale.co\/es\/#\/schema\/person\/daa564942b5d00d3578d50a261f9f319","name":"Lisa Jewell","url":"https:\/\/staging.wewhale.co\/es\/author\/lisa\/"}]}},"_links":{"self":[{"href":"https:\/\/staging.wewhale.co\/es\/wp-json\/wp\/v2\/posts\/2846","targetHints":{"allow":["GET"]}}],"collection":[{"href":"https:\/\/staging.wewhale.co\/es\/wp-json\/wp\/v2\/posts"}],"about":[{"href":"https:\/\/staging.wewhale.co\/es\/wp-json\/wp\/v2\/types\/post"}],"author":[{"embeddable":true,"href":"https:\/\/staging.wewhale.co\/es\/wp-json\/wp\/v2\/users\/3"}],"replies":[{"embeddable":true,"href":"https:\/\/staging.wewhale.co\/es\/wp-json\/wp\/v2\/comments?post=2846"}],"version-history":[{"count":20,"href":"https:\/\/staging.wewhale.co\/es\/wp-json\/wp\/v2\/posts\/2846\/revisions"}],"predecessor-version":[{"id":3994,"href":"https:\/\/staging.wewhale.co\/es\/wp-json\/wp\/v2\/posts\/2846\/revisions\/3994"}],"wp:featuredmedia":[{"embeddable":true,"href":"https:\/\/staging.wewhale.co\/es\/wp-json\/wp\/v2\/media\/2830"}],"wp:attachment":[{"href":"https:\/\/staging.wewhale.co\/es\/wp-json\/wp\/v2\/media?parent=2846"}],"wp:term":[{"taxonomy":"category","embeddable":true,"href":"https:\/\/staging.wewhale.co\/es\/wp-json\/wp\/v2\/categories?post=2846"},{"taxonomy":"post_tag","embeddable":true,"href":"https:\/\/staging.wewhale.co\/es\/wp-json\/wp\/v2\/tags?post=2846"}],"curies":[{"name":"wp","href":"https:\/\/api.w.org\/{rel}","templated":true}]}}